{"id":43390,"date":"2025-02-17T16:41:33","date_gmt":"2025-02-17T15:41:33","guid":{"rendered":"https:\/\/acheterenespagne.com\/immobilier\/?p=43390"},"modified":"2025-02-17T16:46:45","modified_gmt":"2025-02-17T15:46:45","slug":"avocat-en-espagne-parlant-francais","status":"publish","type":"post","link":"https:\/\/acheterenespagne.com\/immobilier\/avocat-en-espagne-parlant-francais\/","title":{"rendered":"Avocat en Espagne parlant fran\u00e7ais"},"content":{"rendered":"\t\t<div data-elementor-type=\"wp-post\" data-elementor-id=\"43390\" class=\"elementor elementor-43390\">\n\t\t\t\t\t\t<section class=\"elementor-section elementor-top-section elementor-element elementor-element-c6c9182 elementor-section-boxed elementor-section-height-default elementor-section-height-default\" data-id=\"c6c9182\" data-element_type=\"section\" data-e-type=\"section\">\n\t\t\t\t\t\t<div class=\"elementor-container elementor-column-gap-default\">\n\t\t\t\t\t<div class=\"elementor-column elementor-col-100 elementor-top-column elementor-element elementor-element-063e5ff\" data-id=\"063e5ff\" data-element_type=\"column\" data-e-type=\"column\">\n\t\t\t<div class=\"elementor-widget-wrap elementor-element-populated\">\n\t\t\t\t\t\t<div class=\"elementor-element elementor-element-cf5e198 elementor-widget elementor-widget-wp-widget-bcn_widget\" data-id=\"cf5e198\" data-element_type=\"widget\" data-e-type=\"widget\" data-widget_type=\"wp-widget-bcn_widget.default\">\n\t\t\t\t<div class=\"elementor-widget-container\">\n\t\t\t\t\t<div class=\"breadcrumbs\" vocab=\"https:\/\/schema.org\/\" typeof=\"BreadcrumbList\"><span property=\"itemListElement\" typeof=\"ListItem\"><a property=\"item\" typeof=\"WebPage\" title=\"Aller \u00e0 ACHETER EN ESPAGNE.\" href=\"https:\/\/acheterenespagne.com\/immobilier\" class=\"home\" aria-current=\"page\"><span property=\"name\">ACHETER EN ESPAGNE<\/span><\/a><meta property=\"position\" content=\"1\"><\/span><\/div>\t\t\t\t<\/div>\n\t\t\t\t<\/div>\n\t\t\t\t\t<\/div>\n\t\t<\/div>\n\t\t\t\t\t<\/div>\n\t\t<\/section>\n\t\t\t\t<section class=\"elementor-section elementor-top-section elementor-element elementor-element-ef06a2f elementor-section-boxed elementor-section-height-default elementor-section-height-default\" data-id=\"ef06a2f\" data-element_type=\"section\" data-e-type=\"section\">\n\t\t\t\t\t\t<div class=\"elementor-container elementor-column-gap-default\">\n\t\t\t\t\t<div class=\"elementor-column elementor-col-100 elementor-top-column elementor-element elementor-element-3789b90\" data-id=\"3789b90\" data-element_type=\"column\" data-e-type=\"column\">\n\t\t\t<div class=\"elementor-widget-wrap elementor-element-populated\">\n\t\t\t\t\t\t<div class=\"elementor-element elementor-element-a30c067 elementor-widget elementor-widget-text-editor\" data-id=\"a30c067\" data-element_type=\"widget\" data-e-type=\"widget\" data-widget_type=\"text-editor.default\">\n\t\t\t\t<div class=\"elementor-widget-container\">\n\t\t\t\t\t\t\t\t\t<h2 data-pm-slice=\"1 1 []\">Avocat en Espagne parlant fran\u00e7ais : Trouver le bon professionnel pour vous accompagner<\/h2><p>L&rsquo;expatriation en Espagne, que ce soit pour des raisons personnelles, professionnelles ou d&rsquo;investissement, peut \u00eatre une aventure excitante. Toutefois, les diff\u00e9rences juridiques entre la France et l&rsquo;Espagne peuvent rapidement devenir un d\u00e9fi. Dans ce contexte, faire appel \u00e0 un <strong>avocat en Espagne parlant fran\u00e7ais<\/strong> est un atout inestimable. Que vous ayez besoin d&rsquo;une assistance pour l&rsquo;achat d&rsquo;un bien immobilier, la cr\u00e9ation d&rsquo;une entreprise, la r\u00e9solution d&rsquo;un litige ou encore des conseils en droit fiscal, un avocat francophone facilitera grandement vos d\u00e9marches.<\/p><h2>Pourquoi faire appel \u00e0 un avocat en Espagne parlant fran\u00e7ais ?<\/h2><p>L&rsquo;Espagne a un syst\u00e8me juridique diff\u00e9rent de celui de la France, avec des sp\u00e9cificit\u00e9s propres \u00e0 chaque r\u00e9gion autonome. Un avocat espagnol parlant fran\u00e7ais peut vous apporter son expertise dans plusieurs domaines :<\/p><ol start=\"1\" data-spread=\"false\"><li><p><strong>Ma\u00eetrise des syst\u00e8mes juridiques des deux pays<\/strong> : Un avocat bilingue comprend les nuances entre le droit fran\u00e7ais et espagnol et peut expliquer les proc\u00e9dures de mani\u00e8re claire.<\/p><\/li><li><p><strong>Accompagnement personnalis\u00e9<\/strong> : Il facilite la communication et \u00e9vite les erreurs d&rsquo;interpr\u00e9tation pouvant avoir des cons\u00e9quences l\u00e9gales graves.<\/p><\/li><li><p><strong>D\u00e9marches administratives simplifi\u00e9es<\/strong> : Il vous aide \u00e0 naviguer dans les formalit\u00e9s locales, souvent complexes pour un expatri\u00e9.<\/p><\/li><\/ol><h2>Les domaines d&rsquo;intervention d&rsquo;un avocat francophone en Espagne<\/h2><h3>1. Droit immobilier<\/h3><p>L&rsquo;Espagne attire de nombreux investisseurs fran\u00e7ais, que ce soit pour une r\u00e9sidence secondaire ou un investissement locatif. Un avocat sp\u00e9cialis\u00e9 en <a href=\"https:\/\/acheterenespagne.com\/immobilier\/tag\/droit-immobilier-espagne\/\">droit immobilier<\/a> vous aide \u00e0 :<\/p><ul data-spread=\"false\"><li><p>V\u00e9rifier la l\u00e9galit\u00e9 du bien (absence d&rsquo;hypoth\u00e8que, de dettes, etc.).<\/p><\/li><li><p>R\u00e9diger et n\u00e9gocier les contrats d&rsquo;achat ou de location.<\/p><\/li><li><p>S&rsquo;assurer de la conformit\u00e9 des transactions avec la r\u00e9glementation locale.<\/p><\/li><\/ul><h3>2. Droit des affaires et cr\u00e9ation d&rsquo;entreprise<\/h3><p>Si vous souhaitez entreprendre en Espagne, un avocat d&rsquo;affaires parlant fran\u00e7ais vous assiste dans :<\/p><ul data-spread=\"false\"><li><p>Le choix du statut juridique de votre soci\u00e9t\u00e9.<\/p><\/li><li><p>La r\u00e9daction des statuts et l&rsquo;immatriculation de l&rsquo;entreprise.<\/p><\/li><li><p>La gestion des obligations fiscales et sociales.<\/p><\/li><\/ul><h3>3. Droit fiscal et successoral<\/h3><p>L&rsquo;optimisation fiscale est essentielle pour les expatri\u00e9s. Un avocat fiscaliste vous conseille sur :<\/p><ul data-spread=\"false\"><li><p>La fiscalit\u00e9 des revenus et du patrimoine en Espagne.<\/p><\/li><li><p>Les conventions fiscales entre la France et l&rsquo;Espagne pour \u00e9viter la double imposition.<\/p><\/li><li><p>La transmission de patrimoine et les <a href=\"https:\/\/acheterenespagne.com\/immobilier\/droits-de-succession-en-espagne-pour-un-non-resident\/\">droits de succession<\/a>.<\/p><\/li><\/ul><h3>4. Droit du travail et des \u00e9trangers<\/h3><p>Un avocat francophone en droit du travail en Espagne peut vous accompagner dans :<\/p><ul data-spread=\"false\"><li><p>L&rsquo;\u00e9laboration de contrats de travail conformes aux lois espagnoles.<\/p><\/li><li><p>La d\u00e9fense de vos droits en cas de licenciement ou de litige avec un employeur.<\/p><\/li><li><p>Les d\u00e9marches pour obtenir un permis de r\u00e9sidence ou un visa de travail.<\/p><\/li><\/ul><h2>Comment choisir un bon avocat en Espagne parlant fran\u00e7ais ?<\/h2><h3>1. V\u00e9rifier ses comp\u00e9tences et sp\u00e9cialisations<\/h3><p>Chaque avocat a une sp\u00e9cialisation : droit immobilier, fiscal, du travail, etc. Il est donc essentiel de choisir un professionnel comp\u00e9tent dans votre domaine de besoin.<\/p><h3>2. S&rsquo;assurer de sa ma\u00eetrise du fran\u00e7ais<\/h3><p>Tous les avocats en Espagne ne parlent pas forc\u00e9ment couramment fran\u00e7ais. Il est important de v\u00e9rifier leur niveau de langue pour garantir une bonne communication.<\/p><h3>3. Privil\u00e9gier l&rsquo;exp\u00e9rience et les recommandations<\/h3><p>Un avocat ayant d\u00e9j\u00e0 accompagn\u00e9 des clients francophones est un atout. <a href=\"https:\/\/www.google.com\/search?q=Immobilier%20Espagne%20et%20Avocats%20franco%20espagnol%20Avis&amp;rflfq=1&amp;num=20&amp;stick=H4sIAAAAAAAAAONgkxI2MrYwMTY0tjAzMDM3MzMyNzEw2MDI-IrRyDM3Nz8pMycztUjBtbggMT0vVSG1RMGxLD85saRYIa0oMS85XyEVLJOfAxTPLF7ESoYmALp8B9GEAAAA&amp;rldimm=2384313860676627400&amp;tbm=lcl&amp;hl=fr&amp;sa=X&amp;ved=0CBcQ9fQKKABqFwoTCIDX6LuFy4sDFQAAAAAdAAAAABAH&amp;biw=1920&amp;bih=911&amp;dpr=1#lkt=LocalPoiReviews\">Consultez nos avis en ligne<\/a> ou demandez des recommandations.<\/p><h3>4. Rencontrer l\u2019avocat avant de s\u2019engager<\/h3><p>Avant de confier votre dossier, il est pr\u00e9f\u00e9rable de planifier un rendez-vous (en pr\u00e9sentiel ou en visioconf\u00e9rence) pour discuter de votre situation et \u00e9valuer la compatibilit\u00e9 avec l&rsquo;avocat.<\/p><h2>Conclusion<\/h2><p>Faire appel \u00e0 un <strong>avocat en Espagne parlant fran\u00e7ais<\/strong> est une solution id\u00e9ale pour \u00e9viter les incompr\u00e9hensions juridiques et simplifier vos d\u00e9marches administratives. Que ce soit pour un achat immobilier, une installation professionnelle, ou un conseil en fiscalit\u00e9, un avocat bilingue vous fera gagner du temps et s\u00e9curisera vos transactions. Prenez le temps de bien choisir votre professionnel afin d\u2019assurer une assistance juridique efficace et adapt\u00e9e \u00e0 vos besoins.<\/p>\t\t\t\t\t\t\t\t<\/div>\n\t\t\t\t<\/div>\n\t\t\t\t\t<\/div>\n\t\t<\/div>\n\t\t\t\t\t<\/div>\n\t\t<\/section>\n\t\t\t\t<section class=\"elementor-section elementor-top-section elementor-element elementor-element-41c6dc9e elementor-section-content-middle elementor-section-boxed elementor-section-height-default elementor-section-height-default\" data-id=\"41c6dc9e\" data-element_type=\"section\" data-e-type=\"section\" data-settings=\"{&quot;background_background&quot;:&quot;classic&quot;}\">\n\t\t\t\t\t\t\t<div class=\"elementor-background-overlay\"><\/div>\n\t\t\t\t\t\t\t<div class=\"elementor-container elementor-column-gap-no\">\n\t\t\t\t\t<div class=\"elementor-column elementor-col-100 elementor-top-column elementor-element elementor-element-2e0d9511\" data-id=\"2e0d9511\" data-element_type=\"column\" data-e-type=\"column\">\n\t\t\t<div class=\"elementor-widget-wrap elementor-element-populated\">\n\t\t\t\t\t\t<div class=\"elementor-element elementor-element-7384e578 elementor-widget elementor-widget-heading\" data-id=\"7384e578\" data-element_type=\"widget\" data-e-type=\"widget\" data-widget_type=\"heading.default\">\n\t\t\t\t<div class=\"elementor-widget-container\">\n\t\t\t\t\t<h4 class=\"elementor-heading-title elementor-size-default\">Un projet d'achat immobilier en Espagne<\/h4>\t\t\t\t<\/div>\n\t\t\t\t<\/div>\n\t\t\t\t<div class=\"elementor-element elementor-element-71468d7c elementor-button-info elementor-align-center elementor-widget elementor-widget-button\" data-id=\"71468d7c\" data-element_type=\"widget\" data-e-type=\"widget\" data-widget_type=\"button.default\">\n\t\t\t\t<div class=\"elementor-widget-container\">\n\t\t\t\t\t\t\t\t\t<div class=\"elementor-button-wrapper\">\n\t\t\t\t\t<a class=\"elementor-button elementor-button-link elementor-size-sm\" href=\"https:\/\/www.acheterenespagne.com\/contact.html\">\n\t\t\t\t\t\t<span class=\"elementor-button-content-wrapper\">\n\t\t\t\t\t\t<span class=\"elementor-button-icon\">\n\t\t\t\t<i aria-hidden=\"true\" class=\"fas fa-mail-bulk\"><\/i>\t\t\t<\/span>\n\t\t\t\t\t\t\t\t\t<span class=\"elementor-button-text\">Contactez un avocat francophone<\/span>\n\t\t\t\t\t<\/span>\n\t\t\t\t\t<\/a>\n\t\t\t\t<\/div>\n\t\t\t\t\t\t\t\t<\/div>\n\t\t\t\t<\/div>\n\t\t\t\t<div class=\"elementor-element elementor-element-4704b507 elementor-widget elementor-widget-heading\" data-id=\"4704b507\" data-element_type=\"widget\" data-e-type=\"widget\" data-widget_type=\"heading.default\">\n\t\t\t\t<div class=\"elementor-widget-container\">\n\t\t\t\t\t<h2 class=\"elementor-heading-title elementor-size-default\"><b>S\u00e9curisez votre achat et evitez les pieges !<\/b><\/h2>\t\t\t\t<\/div>\n\t\t\t\t<\/div>\n\t\t\t\t\t<\/div>\n\t\t<\/div>\n\t\t\t\t\t<\/div>\n\t\t<\/section>\n\t\t\t\t<section class=\"elementor-section elementor-top-section elementor-element elementor-element-1c64c55 elementor-section-boxed elementor-section-height-default elementor-section-height-default\" data-id=\"1c64c55\" data-element_type=\"section\" data-e-type=\"section\">\n\t\t\t\t\t\t<div class=\"elementor-container elementor-column-gap-default\">\n\t\t\t\t\t<div class=\"elementor-column elementor-col-100 elementor-top-column elementor-element elementor-element-661c733\" data-id=\"661c733\" data-element_type=\"column\" data-e-type=\"column\">\n\t\t\t<div class=\"elementor-widget-wrap elementor-element-populated\">\n\t\t\t\t\t\t<div class=\"elementor-element elementor-element-41ca0bf elementor-widget elementor-widget-text-editor\" data-id=\"41ca0bf\" data-element_type=\"widget\" data-e-type=\"widget\" data-widget_type=\"text-editor.default\">\n\t\t\t\t<div class=\"elementor-widget-container\">\n\t\t\t\t\t\t\t\t\t<h3>Articles :<\/h3><ul><li><a href=\"https:\/\/acheterenespagne.com\/immobilier\/cabinet-davocats-en-espagne-votre-partenaire-juridique-fiable\/\">Cabinet d\u2019Avocats en Espagne : Votre Partenaire Juridique Fiable<\/a><\/li><li><a href=\"https:\/\/acheterenespagne.com\/immobilier\/pourquoi-prendre-un-avocat-lors-dun-achat-immobilier-en-espagne\/\">Pourquoi prendre un avocat lors d\u2019un achat immobilier en Espagne ?<\/a><\/li><li><a href=\"https:\/\/acheterenespagne.com\/immobilier\/le-role-de-lavocat-en-espagne-lors-dun-achat-immobilier\/\">Le R\u00f4le de l\u2019Avocat en Espagne Lors d\u2019un Achat Immobilier<\/a><\/li><li><a href=\"https:\/\/acheterenespagne.com\/immobilier\/acheter-en-espagne-les-pieges-a-eviter\/\">Acheter en Espagne les pi\u00e8ges \u00e0 \u00e9viter<\/a><\/li><li><a href=\"https:\/\/acheterenespagne.com\/immobilier\/processus-acheter-propriete-espagne\/\">Les 10 \u00e9tapes du processus d\u2019achat d\u2019un bien immobilier en Espagne<\/a><\/li><li><a href=\"https:\/\/acheterenespagne.com\/immobilier\/guide-dachat-immobilier-en-espagne-pour-les-etrangers\/\">Guide d\u2019Achat Immobilier en Espagne pour les \u00c9trangers<\/a><\/li><\/ul>\t\t\t\t\t\t\t\t<\/div>\n\t\t\t\t<\/div>\n\t\t\t\t\t<\/div>\n\t\t<\/div>\n\t\t\t\t\t<\/div>\n\t\t<\/section>\n\t\t\t\t<\/div>\n\t\t","protected":false},"excerpt":{"rendered":"<p>Avocat en Espagne parlant fran\u00e7ais : Trouver le bon professionnel pour vous accompagner L&rsquo;expatriation en Espagne, que ce soit pour des raisons personnelles, professionnelles ou d&rsquo;investissement, peut \u00eatre une aventure excitante. Toutefois, les diff\u00e9rences juridiques entre la France et l&rsquo;Espagne peuvent rapidement devenir un d\u00e9fi. Dans ce contexte, faire appel \u00e0 un avocat en Espagne [&hellip;]<\/p>\n","protected":false},"author":1,"featured_media":43255,"comment_status":"closed","ping_status":"closed","sticky":false,"template":"","format":"standard","meta":{"footnotes":""},"categories":[326,325],"tags":[336,340,339,337,338],"class_list":["post-43390","post","type-post","status-publish","format-standard","has-post-thumbnail","hentry","category-achat","category-formalites","tag-avocat","tag-avocat-franco-espagnol","tag-avocat-francophone","tag-droit-immobilier-espagne","tag-droit-succession"],"yoast_head":"<!-- This site is optimized with the Yoast SEO plugin v27.2 - https:\/\/yoast.com\/product\/yoast-seo-wordpress\/ -->\n<title>Avocat en Espagne parlant fran\u00e7ais<\/title>\n<meta name=\"robots\" content=\"index, follow, max-snippet:-1, max-image-preview:large, max-video-preview:-1\" \/>\n<link rel=\"canonical\" href=\"https:\/\/acheterenespagne.com\/immobilier\/avocat-en-espagne-parlant-francais\/\" \/>\n<meta property=\"og:locale\" content=\"fr_FR\" \/>\n<meta property=\"og:type\" content=\"article\" \/>\n<meta property=\"og:title\" content=\"Avocat en Espagne parlant fran\u00e7ais\" \/>\n<meta property=\"og:description\" content=\"Avocat en Espagne parlant fran\u00e7ais : Trouver le bon professionnel pour vous accompagner L&rsquo;expatriation en Espagne, que ce soit pour des raisons personnelles, professionnelles ou d&rsquo;investissement, peut \u00eatre une aventure excitante. Toutefois, les diff\u00e9rences juridiques entre la France et l&rsquo;Espagne peuvent rapidement devenir un d\u00e9fi. Dans ce contexte, faire appel \u00e0 un avocat en Espagne [&hellip;]\" \/>\n<meta property=\"og:url\" content=\"https:\/\/acheterenespagne.com\/immobilier\/avocat-en-espagne-parlant-francais\/\" \/>\n<meta property=\"og:site_name\" content=\"ACHETER EN ESPAGNE\" \/>\n<meta property=\"article:publisher\" content=\"https:\/\/www.facebook.com\/acheterenespagne\" \/>\n<meta property=\"article:published_time\" content=\"2025-02-17T15:41:33+00:00\" \/>\n<meta property=\"article:modified_time\" content=\"2025-02-17T15:46:45+00:00\" \/>\n<meta property=\"og:image\" content=\"https:\/\/acheterenespagne.com\/immobilier\/wp-content\/uploads\/2025\/02\/avocat-espagne.webp\" \/>\n\t<meta property=\"og:image:width\" content=\"1000\" \/>\n\t<meta property=\"og:image:height\" content=\"667\" \/>\n\t<meta property=\"og:image:type\" content=\"image\/webp\" \/>\n<meta name=\"author\" content=\"VIVAESPANAwp\" \/>\n<meta name=\"twitter:card\" content=\"summary_large_image\" \/>\n<meta name=\"twitter:creator\" content=\"@ACHETER_ESPAGNE\" \/>\n<meta name=\"twitter:site\" content=\"@ACHETER_ESPAGNE\" \/>\n<meta name=\"twitter:label1\" content=\"\u00c9crit par\" \/>\n\t<meta name=\"twitter:data1\" content=\"VIVAESPANAwp\" \/>\n\t<meta name=\"twitter:label2\" content=\"Dur\u00e9e de lecture estim\u00e9e\" \/>\n\t<meta name=\"twitter:data2\" content=\"4 minutes\" \/>\n<script type=\"application\/ld+json\" class=\"yoast-schema-graph\">{\"@context\":\"https:\/\/schema.org\",\"@graph\":[{\"@type\":\"Article\",\"@id\":\"https:\/\/acheterenespagne.com\/immobilier\/avocat-en-espagne-parlant-francais\/#article\",\"isPartOf\":{\"@id\":\"https:\/\/acheterenespagne.com\/immobilier\/avocat-en-espagne-parlant-francais\/\"},\"author\":{\"name\":\"VIVAESPANAwp\",\"@id\":\"https:\/\/acheterenespagne.com\/immobilier\/#\/schema\/person\/cdf62c6c0168ab2fd10f7dffd55ca62d\"},\"headline\":\"Avocat en Espagne parlant fran\u00e7ais\",\"datePublished\":\"2025-02-17T15:41:33+00:00\",\"dateModified\":\"2025-02-17T15:46:45+00:00\",\"mainEntityOfPage\":{\"@id\":\"https:\/\/acheterenespagne.com\/immobilier\/avocat-en-espagne-parlant-francais\/\"},\"wordCount\":781,\"publisher\":{\"@id\":\"https:\/\/acheterenespagne.com\/immobilier\/#organization\"},\"image\":{\"@id\":\"https:\/\/acheterenespagne.com\/immobilier\/avocat-en-espagne-parlant-francais\/#primaryimage\"},\"thumbnailUrl\":\"https:\/\/acheterenespagne.com\/immobilier\/wp-content\/uploads\/2025\/02\/avocat-espagne.webp\",\"keywords\":[\"Avocat Espagne\",\"Avocat Franco Espagnol\",\"Avocat Francophone Espagne\",\"Droit immobilier Espagne\",\"Droit succession Espagne\"],\"articleSection\":[\"Achat\",\"Formalit\u00e9s\"],\"inLanguage\":\"fr-FR\"},{\"@type\":\"WebPage\",\"@id\":\"https:\/\/acheterenespagne.com\/immobilier\/avocat-en-espagne-parlant-francais\/\",\"url\":\"https:\/\/acheterenespagne.com\/immobilier\/avocat-en-espagne-parlant-francais\/\",\"name\":\"Avocat en Espagne parlant fran\u00e7ais\",\"isPartOf\":{\"@id\":\"https:\/\/acheterenespagne.com\/immobilier\/#website\"},\"primaryImageOfPage\":{\"@id\":\"https:\/\/acheterenespagne.com\/immobilier\/avocat-en-espagne-parlant-francais\/#primaryimage\"},\"image\":{\"@id\":\"https:\/\/acheterenespagne.com\/immobilier\/avocat-en-espagne-parlant-francais\/#primaryimage\"},\"thumbnailUrl\":\"https:\/\/acheterenespagne.com\/immobilier\/wp-content\/uploads\/2025\/02\/avocat-espagne.webp\",\"datePublished\":\"2025-02-17T15:41:33+00:00\",\"dateModified\":\"2025-02-17T15:46:45+00:00\",\"breadcrumb\":{\"@id\":\"https:\/\/acheterenespagne.com\/immobilier\/avocat-en-espagne-parlant-francais\/#breadcrumb\"},\"inLanguage\":\"fr-FR\",\"potentialAction\":[{\"@type\":\"ReadAction\",\"target\":[\"https:\/\/acheterenespagne.com\/immobilier\/avocat-en-espagne-parlant-francais\/\"]}]},{\"@type\":\"ImageObject\",\"inLanguage\":\"fr-FR\",\"@id\":\"https:\/\/acheterenespagne.com\/immobilier\/avocat-en-espagne-parlant-francais\/#primaryimage\",\"url\":\"https:\/\/acheterenespagne.com\/immobilier\/wp-content\/uploads\/2025\/02\/avocat-espagne.webp\",\"contentUrl\":\"https:\/\/acheterenespagne.com\/immobilier\/wp-content\/uploads\/2025\/02\/avocat-espagne.webp\",\"width\":1000,\"height\":667,\"caption\":\"avocat espagne\"},{\"@type\":\"BreadcrumbList\",\"@id\":\"https:\/\/acheterenespagne.com\/immobilier\/avocat-en-espagne-parlant-francais\/#breadcrumb\",\"itemListElement\":[{\"@type\":\"ListItem\",\"position\":1,\"name\":\"Accueil\",\"item\":\"https:\/\/acheterenespagne.com\/immobilier\/\"},{\"@type\":\"ListItem\",\"position\":2,\"name\":\"Formalit\u00e9s\",\"item\":\"https:\/\/acheterenespagne.com\/immobilier\/category\/formalites\/\"},{\"@type\":\"ListItem\",\"position\":3,\"name\":\"Avocat en Espagne parlant fran\u00e7ais\"}]},{\"@type\":\"WebSite\",\"@id\":\"https:\/\/acheterenespagne.com\/immobilier\/#website\",\"url\":\"https:\/\/acheterenespagne.com\/immobilier\/\",\"name\":\"ACHETER EN ESPAGNE\",\"description\":\"\",\"publisher\":{\"@id\":\"https:\/\/acheterenespagne.com\/immobilier\/#organization\"},\"potentialAction\":[{\"@type\":\"SearchAction\",\"target\":{\"@type\":\"EntryPoint\",\"urlTemplate\":\"https:\/\/acheterenespagne.com\/immobilier\/?s={search_term_string}\"},\"query-input\":{\"@type\":\"PropertyValueSpecification\",\"valueRequired\":true,\"valueName\":\"search_term_string\"}}],\"inLanguage\":\"fr-FR\"},{\"@type\":\"Organization\",\"@id\":\"https:\/\/acheterenespagne.com\/immobilier\/#organization\",\"name\":\"Acheter en Espagne\",\"url\":\"https:\/\/acheterenespagne.com\/immobilier\/\",\"logo\":{\"@type\":\"ImageObject\",\"inLanguage\":\"fr-FR\",\"@id\":\"https:\/\/acheterenespagne.com\/immobilier\/#\/schema\/logo\/image\/\",\"url\":\"https:\/\/acheterenespagne.com\/immobilier\/wp-content\/uploads\/2022\/06\/logo.webp\",\"contentUrl\":\"https:\/\/acheterenespagne.com\/immobilier\/wp-content\/uploads\/2022\/06\/logo.webp\",\"width\":789,\"height\":302,\"caption\":\"Acheter en Espagne\"},\"image\":{\"@id\":\"https:\/\/acheterenespagne.com\/immobilier\/#\/schema\/logo\/image\/\"},\"sameAs\":[\"https:\/\/www.facebook.com\/acheterenespagne\",\"https:\/\/x.com\/ACHETER_ESPAGNE\"]},{\"@type\":\"Person\",\"@id\":\"https:\/\/acheterenespagne.com\/immobilier\/#\/schema\/person\/cdf62c6c0168ab2fd10f7dffd55ca62d\",\"name\":\"VIVAESPANAwp\",\"url\":\"https:\/\/acheterenespagne.com\/immobilier\/author\/vivaespanawp\/\"}]}<\/script>\n<!-- \/ Yoast SEO plugin. -->","yoast_head_json":{"title":"Avocat en Espagne parlant fran\u00e7ais","robots":{"index":"index","follow":"follow","max-snippet":"max-snippet:-1","max-image-preview":"max-image-preview:large","max-video-preview":"max-video-preview:-1"},"canonical":"https:\/\/acheterenespagne.com\/immobilier\/avocat-en-espagne-parlant-francais\/","og_locale":"fr_FR","og_type":"article","og_title":"Avocat en Espagne parlant fran\u00e7ais","og_description":"Avocat en Espagne parlant fran\u00e7ais : Trouver le bon professionnel pour vous accompagner L&rsquo;expatriation en Espagne, que ce soit pour des raisons personnelles, professionnelles ou d&rsquo;investissement, peut \u00eatre une aventure excitante. Toutefois, les diff\u00e9rences juridiques entre la France et l&rsquo;Espagne peuvent rapidement devenir un d\u00e9fi. Dans ce contexte, faire appel \u00e0 un avocat en Espagne [&hellip;]","og_url":"https:\/\/acheterenespagne.com\/immobilier\/avocat-en-espagne-parlant-francais\/","og_site_name":"ACHETER EN ESPAGNE","article_publisher":"https:\/\/www.facebook.com\/acheterenespagne","article_published_time":"2025-02-17T15:41:33+00:00","article_modified_time":"2025-02-17T15:46:45+00:00","og_image":[{"width":1000,"height":667,"url":"https:\/\/acheterenespagne.com\/immobilier\/wp-content\/uploads\/2025\/02\/avocat-espagne.webp","type":"image\/webp"}],"author":"VIVAESPANAwp","twitter_card":"summary_large_image","twitter_creator":"@ACHETER_ESPAGNE","twitter_site":"@ACHETER_ESPAGNE","twitter_misc":{"\u00c9crit par":"VIVAESPANAwp","Dur\u00e9e de lecture estim\u00e9e":"4 minutes"},"schema":{"@context":"https:\/\/schema.org","@graph":[{"@type":"Article","@id":"https:\/\/acheterenespagne.com\/immobilier\/avocat-en-espagne-parlant-francais\/#article","isPartOf":{"@id":"https:\/\/acheterenespagne.com\/immobilier\/avocat-en-espagne-parlant-francais\/"},"author":{"name":"VIVAESPANAwp","@id":"https:\/\/acheterenespagne.com\/immobilier\/#\/schema\/person\/cdf62c6c0168ab2fd10f7dffd55ca62d"},"headline":"Avocat en Espagne parlant fran\u00e7ais","datePublished":"2025-02-17T15:41:33+00:00","dateModified":"2025-02-17T15:46:45+00:00","mainEntityOfPage":{"@id":"https:\/\/acheterenespagne.com\/immobilier\/avocat-en-espagne-parlant-francais\/"},"wordCount":781,"publisher":{"@id":"https:\/\/acheterenespagne.com\/immobilier\/#organization"},"image":{"@id":"https:\/\/acheterenespagne.com\/immobilier\/avocat-en-espagne-parlant-francais\/#primaryimage"},"thumbnailUrl":"https:\/\/acheterenespagne.com\/immobilier\/wp-content\/uploads\/2025\/02\/avocat-espagne.webp","keywords":["Avocat Espagne","Avocat Franco Espagnol","Avocat Francophone Espagne","Droit immobilier Espagne","Droit succession Espagne"],"articleSection":["Achat","Formalit\u00e9s"],"inLanguage":"fr-FR"},{"@type":"WebPage","@id":"https:\/\/acheterenespagne.com\/immobilier\/avocat-en-espagne-parlant-francais\/","url":"https:\/\/acheterenespagne.com\/immobilier\/avocat-en-espagne-parlant-francais\/","name":"Avocat en Espagne parlant fran\u00e7ais","isPartOf":{"@id":"https:\/\/acheterenespagne.com\/immobilier\/#website"},"primaryImageOfPage":{"@id":"https:\/\/acheterenespagne.com\/immobilier\/avocat-en-espagne-parlant-francais\/#primaryimage"},"image":{"@id":"https:\/\/acheterenespagne.com\/immobilier\/avocat-en-espagne-parlant-francais\/#primaryimage"},"thumbnailUrl":"https:\/\/acheterenespagne.com\/immobilier\/wp-content\/uploads\/2025\/02\/avocat-espagne.webp","datePublished":"2025-02-17T15:41:33+00:00","dateModified":"2025-02-17T15:46:45+00:00","breadcrumb":{"@id":"https:\/\/acheterenespagne.com\/immobilier\/avocat-en-espagne-parlant-francais\/#breadcrumb"},"inLanguage":"fr-FR","potentialAction":[{"@type":"ReadAction","target":["https:\/\/acheterenespagne.com\/immobilier\/avocat-en-espagne-parlant-francais\/"]}]},{"@type":"ImageObject","inLanguage":"fr-FR","@id":"https:\/\/acheterenespagne.com\/immobilier\/avocat-en-espagne-parlant-francais\/#primaryimage","url":"https:\/\/acheterenespagne.com\/immobilier\/wp-content\/uploads\/2025\/02\/avocat-espagne.webp","contentUrl":"https:\/\/acheterenespagne.com\/immobilier\/wp-content\/uploads\/2025\/02\/avocat-espagne.webp","width":1000,"height":667,"caption":"avocat espagne"},{"@type":"BreadcrumbList","@id":"https:\/\/acheterenespagne.com\/immobilier\/avocat-en-espagne-parlant-francais\/#breadcrumb","itemListElement":[{"@type":"ListItem","position":1,"name":"Accueil","item":"https:\/\/acheterenespagne.com\/immobilier\/"},{"@type":"ListItem","position":2,"name":"Formalit\u00e9s","item":"https:\/\/acheterenespagne.com\/immobilier\/category\/formalites\/"},{"@type":"ListItem","position":3,"name":"Avocat en Espagne parlant fran\u00e7ais"}]},{"@type":"WebSite","@id":"https:\/\/acheterenespagne.com\/immobilier\/#website","url":"https:\/\/acheterenespagne.com\/immobilier\/","name":"ACHETER EN ESPAGNE","description":"","publisher":{"@id":"https:\/\/acheterenespagne.com\/immobilier\/#organization"},"potentialAction":[{"@type":"SearchAction","target":{"@type":"EntryPoint","urlTemplate":"https:\/\/acheterenespagne.com\/immobilier\/?s={search_term_string}"},"query-input":{"@type":"PropertyValueSpecification","valueRequired":true,"valueName":"search_term_string"}}],"inLanguage":"fr-FR"},{"@type":"Organization","@id":"https:\/\/acheterenespagne.com\/immobilier\/#organization","name":"Acheter en Espagne","url":"https:\/\/acheterenespagne.com\/immobilier\/","logo":{"@type":"ImageObject","inLanguage":"fr-FR","@id":"https:\/\/acheterenespagne.com\/immobilier\/#\/schema\/logo\/image\/","url":"https:\/\/acheterenespagne.com\/immobilier\/wp-content\/uploads\/2022\/06\/logo.webp","contentUrl":"https:\/\/acheterenespagne.com\/immobilier\/wp-content\/uploads\/2022\/06\/logo.webp","width":789,"height":302,"caption":"Acheter en Espagne"},"image":{"@id":"https:\/\/acheterenespagne.com\/immobilier\/#\/schema\/logo\/image\/"},"sameAs":["https:\/\/www.facebook.com\/acheterenespagne","https:\/\/x.com\/ACHETER_ESPAGNE"]},{"@type":"Person","@id":"https:\/\/acheterenespagne.com\/immobilier\/#\/schema\/person\/cdf62c6c0168ab2fd10f7dffd55ca62d","name":"VIVAESPANAwp","url":"https:\/\/acheterenespagne.com\/immobilier\/author\/vivaespanawp\/"}]}},"_links":{"self":[{"href":"https:\/\/acheterenespagne.com\/immobilier\/wp-json\/wp\/v2\/posts\/43390","targetHints":{"allow":["GET"]}}],"collection":[{"href":"https:\/\/acheterenespagne.com\/immobilier\/wp-json\/wp\/v2\/posts"}],"about":[{"href":"https:\/\/acheterenespagne.com\/immobilier\/wp-json\/wp\/v2\/types\/post"}],"author":[{"embeddable":true,"href":"https:\/\/acheterenespagne.com\/immobilier\/wp-json\/wp\/v2\/users\/1"}],"replies":[{"embeddable":true,"href":"https:\/\/acheterenespagne.com\/immobilier\/wp-json\/wp\/v2\/comments?post=43390"}],"version-history":[{"count":5,"href":"https:\/\/acheterenespagne.com\/immobilier\/wp-json\/wp\/v2\/posts\/43390\/revisions"}],"predecessor-version":[{"id":43395,"href":"https:\/\/acheterenespagne.com\/immobilier\/wp-json\/wp\/v2\/posts\/43390\/revisions\/43395"}],"wp:featuredmedia":[{"embeddable":true,"href":"https:\/\/acheterenespagne.com\/immobilier\/wp-json\/wp\/v2\/media\/43255"}],"wp:attachment":[{"href":"https:\/\/acheterenespagne.com\/immobilier\/wp-json\/wp\/v2\/media?parent=43390"}],"wp:term":[{"taxonomy":"category","embeddable":true,"href":"https:\/\/acheterenespagne.com\/immobilier\/wp-json\/wp\/v2\/categories?post=43390"},{"taxonomy":"post_tag","embeddable":true,"href":"https:\/\/acheterenespagne.com\/immobilier\/wp-json\/wp\/v2\/tags?post=43390"}],"curies":[{"name":"wp","href":"https:\/\/api.w.org\/{rel}","templated":true}]}}