{"id":43506,"date":"2025-02-19T11:06:59","date_gmt":"2025-02-19T10:06:59","guid":{"rendered":"https:\/\/acheterenespagne.com\/immobilier\/?p=43506"},"modified":"2025-02-19T11:17:24","modified_gmt":"2025-02-19T10:17:24","slug":"avocat-valencia","status":"publish","type":"post","link":"https:\/\/acheterenespagne.com\/immobilier\/avocat-valencia\/","title":{"rendered":"Avocat Valencia"},"content":{"rendered":"\t\t<div data-elementor-type=\"wp-post\" data-elementor-id=\"43506\" class=\"elementor elementor-43506\">\n\t\t\t\t\t\t<section class=\"elementor-section elementor-top-section elementor-element elementor-element-9c6d4c7 elementor-section-boxed elementor-section-height-default elementor-section-height-default\" data-id=\"9c6d4c7\" data-element_type=\"section\" data-e-type=\"section\">\n\t\t\t\t\t\t<div class=\"elementor-container elementor-column-gap-default\">\n\t\t\t\t\t<div class=\"elementor-column elementor-col-100 elementor-top-column elementor-element elementor-element-24707ee\" data-id=\"24707ee\" data-element_type=\"column\" data-e-type=\"column\">\n\t\t\t<div class=\"elementor-widget-wrap elementor-element-populated\">\n\t\t\t\t\t\t<div class=\"elementor-element elementor-element-90cc5fc elementor-widget elementor-widget-wp-widget-bcn_widget\" data-id=\"90cc5fc\" data-element_type=\"widget\" data-e-type=\"widget\" data-widget_type=\"wp-widget-bcn_widget.default\">\n\t\t\t\t<div class=\"elementor-widget-container\">\n\t\t\t\t\t<div class=\"breadcrumbs\" vocab=\"https:\/\/schema.org\/\" typeof=\"BreadcrumbList\"><span property=\"itemListElement\" typeof=\"ListItem\"><a property=\"item\" typeof=\"WebPage\" title=\"Aller \u00e0 ACHETER EN ESPAGNE.\" href=\"https:\/\/acheterenespagne.com\/immobilier\" class=\"home\" aria-current=\"page\"><span property=\"name\">ACHETER EN ESPAGNE<\/span><\/a><meta property=\"position\" content=\"1\"><\/span><\/div>\t\t\t\t<\/div>\n\t\t\t\t<\/div>\n\t\t\t\t\t<\/div>\n\t\t<\/div>\n\t\t\t\t\t<\/div>\n\t\t<\/section>\n\t\t\t\t<section class=\"elementor-section elementor-top-section elementor-element elementor-element-e0bf526 elementor-section-boxed elementor-section-height-default elementor-section-height-default\" data-id=\"e0bf526\" data-element_type=\"section\" data-e-type=\"section\">\n\t\t\t\t\t\t<div class=\"elementor-container elementor-column-gap-default\">\n\t\t\t\t\t<div class=\"elementor-column elementor-col-100 elementor-top-column elementor-element elementor-element-488107d\" data-id=\"488107d\" data-element_type=\"column\" data-e-type=\"column\">\n\t\t\t<div class=\"elementor-widget-wrap elementor-element-populated\">\n\t\t\t\t\t\t<div class=\"elementor-element elementor-element-58e68d5 elementor-widget elementor-widget-text-editor\" data-id=\"58e68d5\" data-element_type=\"widget\" data-e-type=\"widget\" data-widget_type=\"text-editor.default\">\n\t\t\t\t<div class=\"elementor-widget-container\">\n\t\t\t\t\t\t\t\t\t<h2><strong>Avocat \u00e0 Valence : Trouvez un Expert Francophone en Droit Immobilier et Successions<\/strong><\/h2><p>Vous cherchez un <strong>avocat \u00e0 Valence<\/strong> (Valencia) francophone pour vous accompagner dans vos d\u00e9marches juridiques en Espagne ? Que vous soyez expatri\u00e9, investisseur immobilier ou h\u00e9ritier, un <a href=\"https:\/\/acheterenespagne.com\/immobilier\/tag\/avocat-franco-espagnol\/\"><strong>avocat franco-espagnol<\/strong> <\/a>comp\u00e9tent est essentiel pour naviguer dans le syst\u00e8me juridique espagnol en toute s\u00e9curit\u00e9. D\u00e9couvrez pourquoi faire appel \u00e0 un <strong>avocat francophone \u00e0 Valence<\/strong> est un atout majeur pour r\u00e9ussir vos projets en Espagne.<\/p><h2><strong>Pourquoi choisir un avocat francophone \u00e0 Valence ?<\/strong><\/h2><p><a href=\"https:\/\/acheterenespagne.com\/immobilier\/category\/valencia\/\">Valence<\/a> est l&rsquo;une des destinations les plus pris\u00e9es par les expatri\u00e9s et les investisseurs francophones gr\u00e2ce \u00e0 son climat agr\u00e9able, son patrimoine culturel et son march\u00e9 immobilier attractif. Toutefois, les diff\u00e9rences l\u00e9gislatives entre la France et l&rsquo;Espagne n\u00e9cessitent l&rsquo;accompagnement d&rsquo;un <strong>avocat sp\u00e9cialis\u00e9<\/strong> pour :<\/p><ul><li>Comprendre les subtilit\u00e9s du <a href=\"https:\/\/acheterenespagne.com\/immobilier\/tag\/droit-immobilier-espagne\/\"><strong>droit immobilier en Espagne<\/strong><\/a>.<\/li><li>Naviguer dans les complexit\u00e9s du <a href=\"https:\/\/acheterenespagne.com\/immobilier\/tag\/droit-succession\/\"><strong>droit des successions<\/strong><\/a> pour les expatri\u00e9s.<\/li><li>R\u00e9soudre des litiges commerciaux ou familiaux en toute transparence.<\/li><li>B\u00e9n\u00e9ficier d&rsquo;une <strong>connaissance approfondie des lois franco-espagnoles<\/strong>.<\/li><\/ul><p>Un <strong>avocat \u00e0 Valence<\/strong> ma\u00eetrisant \u00e0 la fois le fran\u00e7ais et l&rsquo;espagnol vous garantit une communication fluide et une compr\u00e9hension parfaite de vos besoins juridiques.<\/p><h2><strong>Droit immobilier \u00e0 Valence : S\u00e9curisez votre investissement<\/strong><\/h2><p>Valence attire de nombreux investisseurs francophones en raison de ses prix attractifs et de son fort potentiel de rentabilit\u00e9 locative. Toutefois, <a href=\"https:\/\/acheterenespagne.com\/immobilier\/processus-pour-acheter-un-appartement-en-espagne\/\">acheter un bien immobilier en Espagne<\/a> implique plusieurs \u00e9tapes complexes :<\/p><ul><li>V\u00e9rification l\u00e9gale du bien (hypoth\u00e8ques, dettes, conformit\u00e9 urbanistique).<\/li><li>R\u00e9daction et traduction des contrats d&rsquo;achat-vente.<\/li><li>Assistance pour l&rsquo;obtention du <strong><a href=\"https:\/\/acheterenespagne.com\/immobilier\/pourquoi-un-nie-est-obligatoire-pour-acheter-un-bien-immobilier-en-espagne\/\">NIE<\/a> (Num\u00e9ro d&rsquo;Identification des \u00c9trangers)<\/strong>.<\/li><li>Conseil en fiscalit\u00e9 immobili\u00e8re pour les <a href=\"https:\/\/acheterenespagne.com\/immobilier\/acheter-une-maison-en-espagne-en-tant-que-non-resident\/\">non-r\u00e9sidents<\/a>.<\/li><li>Repr\u00e9sentation en cas de litige avec les promoteurs ou les voisins.<\/li><\/ul><p>Un <strong>avocat francophone sp\u00e9cialis\u00e9 en immobilier \u00e0 Valence<\/strong> vous aidera \u00e0 \u00e9viter les pi\u00e8ges juridiques et \u00e0 s\u00e9curiser votre investissement.<\/p><figure id=\"attachment_43508\" aria-describedby=\"caption-attachment-43508\" style=\"width: 300px\" class=\"wp-caption aligncenter\"><img fetchpriority=\"high\" decoding=\"async\" class=\"size-medium wp-image-43508\" src=\"https:\/\/acheterenespagne.com\/immobilier\/wp-content\/uploads\/2025\/02\/Vue-panoramique-de-Valence-Espagne-avec-ses-batiments-historiques-la-Cite-des-Arts-et-des-Sciences-en-arriere-plan-et-la-mer-Mediterranee.-Le-ciel-300x300.webp\" alt=\"Vue panoramique de Valence, Espagne, avec ses b\u00e2timents historiques, la Cit\u00e9 des Arts et des Sciences en arri\u00e8re-plan, et la mer M\u00e9diterran\u00e9e. Le ciel\" width=\"300\" height=\"300\" srcset=\"https:\/\/acheterenespagne.com\/immobilier\/wp-content\/uploads\/2025\/02\/Vue-panoramique-de-Valence-Espagne-avec-ses-batiments-historiques-la-Cite-des-Arts-et-des-Sciences-en-arriere-plan-et-la-mer-Mediterranee.-Le-ciel-300x300.webp 300w, https:\/\/acheterenespagne.com\/immobilier\/wp-content\/uploads\/2025\/02\/Vue-panoramique-de-Valence-Espagne-avec-ses-batiments-historiques-la-Cite-des-Arts-et-des-Sciences-en-arriere-plan-et-la-mer-Mediterranee.-Le-ciel-150x150.webp 150w, https:\/\/acheterenespagne.com\/immobilier\/wp-content\/uploads\/2025\/02\/Vue-panoramique-de-Valence-Espagne-avec-ses-batiments-historiques-la-Cite-des-Arts-et-des-Sciences-en-arriere-plan-et-la-mer-Mediterranee.-Le-ciel-768x768.webp 768w, https:\/\/acheterenespagne.com\/immobilier\/wp-content\/uploads\/2025\/02\/Vue-panoramique-de-Valence-Espagne-avec-ses-batiments-historiques-la-Cite-des-Arts-et-des-Sciences-en-arriere-plan-et-la-mer-Mediterranee.-Le-ciel.webp 1024w\" sizes=\"(max-width: 300px) 100vw, 300px\" \/><figcaption id=\"caption-attachment-43508\" class=\"wp-caption-text\">Vue panoramique de Valence, Espagne, avec ses b\u00e2timents historiques, la Cit\u00e9 des Arts et des Sciences en arri\u00e8re-plan, et la mer M\u00e9diterran\u00e9e.<\/figcaption><\/figure><p><em>ALT : Vue panoramique de Valence avec ses b\u00e2timents historiques et la mer M\u00e9diterran\u00e9e<\/em><\/p><h2><strong>Droit des successions en Espagne : Anticipez les complications<\/strong><\/h2><p>En mati\u00e8re de <strong>succession internationale<\/strong>, les r\u00e8gles diff\u00e8rent entre la France et l&rsquo;Espagne. Si vous h\u00e9ritez d\u2019un bien \u00e0 Valence, il est essentiel de :<\/p><ul><li>D\u00e9terminer le r\u00e9gime fiscal applicable en fonction de votre pays de r\u00e9sidence.<\/li><li>R\u00e9diger un testament conforme aux lois espagnoles et fran\u00e7aises.<\/li><li>Optimiser la fiscalit\u00e9 successorale pour limiter les droits de succession.<\/li><li>R\u00e9soudre les litiges familiaux li\u00e9s \u00e0 l&rsquo;h\u00e9ritage.<\/li><\/ul><p>Faire appel \u00e0 un <strong>avocat sp\u00e9cialis\u00e9 en successions \u00e0 Valence<\/strong> vous permet de g\u00e9rer votre h\u00e9ritage en toute s\u00e9r\u00e9nit\u00e9 et dans le respect des lois des deux pays.<\/p><h2><strong>Droit des affaires et droit civil \u00e0 Valence : Un accompagnement sur-mesure<\/strong><\/h2><p>Un <strong>avocat \u00e0 Valence<\/strong> peut \u00e9galement vous aider dans d&rsquo;autres domaines juridiques :<\/p><ul><li><strong>Droit des affaires<\/strong> : Cr\u00e9ation de soci\u00e9t\u00e9, contrats commerciaux, fiscalit\u00e9 des entreprises.<\/li><li><strong>Droit civil<\/strong> : Divorce, garde d&rsquo;enfants, reconnaissance de jugement \u00e9tranger.<\/li><li><strong>Droit des \u00e9trangers<\/strong> : Obtention de visas, permis de s\u00e9jour pour expatri\u00e9s et investisseurs.<\/li><\/ul><p>Gr\u00e2ce \u00e0 sa double comp\u00e9tence en <strong>droit fran\u00e7ais et espagnol<\/strong>, un <strong>avocat franco-espagnol<\/strong> vous accompagne \u00e0 chaque \u00e9tape de vos d\u00e9marches.<\/p><figure id=\"attachment_43509\" aria-describedby=\"caption-attachment-43509\" style=\"width: 300px\" class=\"wp-caption aligncenter\"><img decoding=\"async\" class=\"size-medium wp-image-43509\" src=\"https:\/\/acheterenespagne.com\/immobilier\/wp-content\/uploads\/2025\/02\/Un-avocat-en-costume-elegant-assis-a-un-bureau-moderne-travaillant-sur-des-documents-legaux-avec-un-ordinateur-portable-ouvert-et-une-balance-de-jus-300x300.webp\" alt=\"Un avocat en costume \u00e9l\u00e9gant, assis \u00e0 un bureau moderne, travaillant sur des documents l\u00e9gaux avec un ordinateur portable ouvert et une balance de justice\" width=\"300\" height=\"300\" srcset=\"https:\/\/acheterenespagne.com\/immobilier\/wp-content\/uploads\/2025\/02\/Un-avocat-en-costume-elegant-assis-a-un-bureau-moderne-travaillant-sur-des-documents-legaux-avec-un-ordinateur-portable-ouvert-et-une-balance-de-jus-300x300.webp 300w, https:\/\/acheterenespagne.com\/immobilier\/wp-content\/uploads\/2025\/02\/Un-avocat-en-costume-elegant-assis-a-un-bureau-moderne-travaillant-sur-des-documents-legaux-avec-un-ordinateur-portable-ouvert-et-une-balance-de-jus-150x150.webp 150w, https:\/\/acheterenespagne.com\/immobilier\/wp-content\/uploads\/2025\/02\/Un-avocat-en-costume-elegant-assis-a-un-bureau-moderne-travaillant-sur-des-documents-legaux-avec-un-ordinateur-portable-ouvert-et-une-balance-de-jus-768x768.webp 768w, https:\/\/acheterenespagne.com\/immobilier\/wp-content\/uploads\/2025\/02\/Un-avocat-en-costume-elegant-assis-a-un-bureau-moderne-travaillant-sur-des-documents-legaux-avec-un-ordinateur-portable-ouvert-et-une-balance-de-jus.webp 1024w\" sizes=\"(max-width: 300px) 100vw, 300px\" \/><figcaption id=\"caption-attachment-43509\" class=\"wp-caption-text\">Un avocat en costume \u00e9l\u00e9gant, assis \u00e0 un bureau moderne, travaillant sur des documents l\u00e9gaux avec un ordinateur portable ouvert et une balance de justice<\/figcaption><\/figure><p><em>ALT : Un avocat en costume travaillant sur des documents l\u00e9gaux dans un bureau moderne<\/em><\/p><p><strong>Comment choisir le bon avocat \u00e0 Valence ?<\/strong><\/p><p>Pour trouver le <strong>meilleur avocat \u00e0 Valence<\/strong>, privil\u00e9giez les crit\u00e8res suivants :<\/p><ul><li><strong>Ma\u00eetrise du fran\u00e7ais et de l&rsquo;espagnol<\/strong> pour une communication fluide.<\/li><li><strong>Expertise en droit immobilier et successions<\/strong>.<\/li><li><strong>Connaissance approfondie des l\u00e9gislations franco-espagnoles<\/strong>.<\/li><li><strong>R\u00e9putation et recommandations<\/strong> de clients francophones.<\/li><\/ul><p>Nos <strong>avocats exp\u00e9riment\u00e9s<\/strong> vous aideront \u00e0 anticiper les probl\u00e8mes juridiques et \u00e0 s\u00e9curiser vos transactions.<\/p><p><strong>Conclusion<\/strong><\/p><p>Que ce soit pour un investissement immobilier, une succession complexe ou toute autre question juridique, faire appel \u00e0 un de nos <strong>avocats francophones \u00e0 Valence<\/strong> est le meilleur moyen de prot\u00e9ger vos int\u00e9r\u00eats. Optez pour un <strong>avocat franco-espagnol sp\u00e9cialis\u00e9<\/strong> pour b\u00e9n\u00e9ficier d&rsquo;un accompagnement personnalis\u00e9 et \u00e9viter les erreurs co\u00fbteuses.<\/p><p><a href=\"https:\/\/www.acheterenespagne.com\/contact.html\"><strong>Vous recherchez un avocat \u00e0 Valence ? Contactez d\u00e8s maintenant un sp\u00e9cialiste francophone pour un premier rendez-vous !<\/strong><\/a><\/p><p>\u00a0<\/p>\t\t\t\t\t\t\t\t<\/div>\n\t\t\t\t<\/div>\n\t\t\t\t\t<\/div>\n\t\t<\/div>\n\t\t\t\t\t<\/div>\n\t\t<\/section>\n\t\t\t\t<section class=\"elementor-section elementor-top-section elementor-element elementor-element-44265955 elementor-section-content-middle elementor-section-boxed elementor-section-height-default elementor-section-height-default\" data-id=\"44265955\" data-element_type=\"section\" data-e-type=\"section\" data-settings=\"{&quot;background_background&quot;:&quot;classic&quot;}\">\n\t\t\t\t\t\t\t<div class=\"elementor-background-overlay\"><\/div>\n\t\t\t\t\t\t\t<div class=\"elementor-container elementor-column-gap-no\">\n\t\t\t\t\t<div class=\"elementor-column elementor-col-100 elementor-top-column elementor-element elementor-element-30c37c4c\" data-id=\"30c37c4c\" data-element_type=\"column\" data-e-type=\"column\">\n\t\t\t<div class=\"elementor-widget-wrap elementor-element-populated\">\n\t\t\t\t\t\t<div class=\"elementor-element elementor-element-433f42e6 elementor-widget elementor-widget-heading\" data-id=\"433f42e6\" data-element_type=\"widget\" data-e-type=\"widget\" data-widget_type=\"heading.default\">\n\t\t\t\t<div class=\"elementor-widget-container\">\n\t\t\t\t\t<h4 class=\"elementor-heading-title elementor-size-default\">Un projet d'achat immobilier en Espagne<\/h4>\t\t\t\t<\/div>\n\t\t\t\t<\/div>\n\t\t\t\t<div class=\"elementor-element elementor-element-6eb61376 elementor-button-info elementor-align-center elementor-widget elementor-widget-button\" data-id=\"6eb61376\" data-element_type=\"widget\" data-e-type=\"widget\" data-widget_type=\"button.default\">\n\t\t\t\t<div class=\"elementor-widget-container\">\n\t\t\t\t\t\t\t\t\t<div class=\"elementor-button-wrapper\">\n\t\t\t\t\t<a class=\"elementor-button elementor-button-link elementor-size-sm\" href=\"https:\/\/www.acheterenespagne.com\/contact.html\">\n\t\t\t\t\t\t<span class=\"elementor-button-content-wrapper\">\n\t\t\t\t\t\t<span class=\"elementor-button-icon\">\n\t\t\t\t<i aria-hidden=\"true\" class=\"fas fa-mail-bulk\"><\/i>\t\t\t<\/span>\n\t\t\t\t\t\t\t\t\t<span class=\"elementor-button-text\">Contactez un avocat francophone Valencia<\/span>\n\t\t\t\t\t<\/span>\n\t\t\t\t\t<\/a>\n\t\t\t\t<\/div>\n\t\t\t\t\t\t\t\t<\/div>\n\t\t\t\t<\/div>\n\t\t\t\t<div class=\"elementor-element elementor-element-d409a31 elementor-widget elementor-widget-heading\" data-id=\"d409a31\" data-element_type=\"widget\" data-e-type=\"widget\" data-widget_type=\"heading.default\">\n\t\t\t\t<div class=\"elementor-widget-container\">\n\t\t\t\t\t<h2 class=\"elementor-heading-title elementor-size-default\"><b>S\u00e9curisez votre achat et evitez les pieges !<\/b><\/h2>\t\t\t\t<\/div>\n\t\t\t\t<\/div>\n\t\t\t\t\t<\/div>\n\t\t<\/div>\n\t\t\t\t\t<\/div>\n\t\t<\/section>\n\t\t\t\t<\/div>\n\t\t","protected":false},"excerpt":{"rendered":"<p>Avocat \u00e0 Valence : Trouvez un Expert Francophone en Droit Immobilier et Successions Vous cherchez un avocat \u00e0 Valence (Valencia) francophone pour vous accompagner dans vos d\u00e9marches juridiques en Espagne ? Que vous soyez expatri\u00e9, investisseur immobilier ou h\u00e9ritier, un avocat franco-espagnol comp\u00e9tent est essentiel pour naviguer dans le syst\u00e8me juridique espagnol en toute s\u00e9curit\u00e9. [&hellip;]<\/p>\n","protected":false},"author":1,"featured_media":43509,"comment_status":"closed","ping_status":"closed","sticky":false,"template":"","format":"standard","meta":{"footnotes":""},"categories":[326,325,321],"tags":[336,340,339,337,338],"class_list":["post-43506","post","type-post","status-publish","format-standard","has-post-thumbnail","hentry","category-achat","category-formalites","category-valencia","tag-avocat","tag-avocat-franco-espagnol","tag-avocat-francophone","tag-droit-immobilier-espagne","tag-droit-succession"],"yoast_head":"<!-- This site is optimized with the Yoast SEO plugin v27.2 - https:\/\/yoast.com\/product\/yoast-seo-wordpress\/ -->\n<title>Avocat Valencia - ACHETER EN ESPAGNE<\/title>\n<meta name=\"robots\" content=\"index, follow, max-snippet:-1, max-image-preview:large, max-video-preview:-1\" \/>\n<link rel=\"canonical\" href=\"https:\/\/acheterenespagne.com\/immobilier\/avocat-valencia\/\" \/>\n<meta property=\"og:locale\" content=\"fr_FR\" \/>\n<meta property=\"og:type\" content=\"article\" \/>\n<meta property=\"og:title\" content=\"Avocat Valencia - ACHETER EN ESPAGNE\" \/>\n<meta property=\"og:description\" content=\"Avocat \u00e0 Valence : Trouvez un Expert Francophone en Droit Immobilier et Successions Vous cherchez un avocat \u00e0 Valence (Valencia) francophone pour vous accompagner dans vos d\u00e9marches juridiques en Espagne ? Que vous soyez expatri\u00e9, investisseur immobilier ou h\u00e9ritier, un avocat franco-espagnol comp\u00e9tent est essentiel pour naviguer dans le syst\u00e8me juridique espagnol en toute s\u00e9curit\u00e9. [&hellip;]\" \/>\n<meta property=\"og:url\" content=\"https:\/\/acheterenespagne.com\/immobilier\/avocat-valencia\/\" \/>\n<meta property=\"og:site_name\" content=\"ACHETER EN ESPAGNE\" \/>\n<meta property=\"article:publisher\" content=\"https:\/\/www.facebook.com\/acheterenespagne\" \/>\n<meta property=\"article:published_time\" content=\"2025-02-19T10:06:59+00:00\" \/>\n<meta property=\"article:modified_time\" content=\"2025-02-19T10:17:24+00:00\" \/>\n<meta property=\"og:image\" content=\"https:\/\/acheterenespagne.com\/immobilier\/wp-content\/uploads\/2025\/02\/Un-avocat-en-costume-elegant-assis-a-un-bureau-moderne-travaillant-sur-des-documents-legaux-avec-un-ordinateur-portable-ouvert-et-une-balance-de-jus.webp\" \/>\n\t<meta property=\"og:image:width\" content=\"1024\" \/>\n\t<meta property=\"og:image:height\" content=\"1024\" \/>\n\t<meta property=\"og:image:type\" content=\"image\/webp\" \/>\n<meta name=\"author\" content=\"VIVAESPANAwp\" \/>\n<meta name=\"twitter:card\" content=\"summary_large_image\" \/>\n<meta name=\"twitter:creator\" content=\"@ACHETER_ESPAGNE\" \/>\n<meta name=\"twitter:site\" content=\"@ACHETER_ESPAGNE\" \/>\n<meta name=\"twitter:label1\" content=\"\u00c9crit par\" \/>\n\t<meta name=\"twitter:data1\" content=\"VIVAESPANAwp\" \/>\n\t<meta name=\"twitter:label2\" content=\"Dur\u00e9e de lecture estim\u00e9e\" \/>\n\t<meta name=\"twitter:data2\" content=\"4 minutes\" \/>\n<script type=\"application\/ld+json\" class=\"yoast-schema-graph\">{\"@context\":\"https:\/\/schema.org\",\"@graph\":[{\"@type\":\"Article\",\"@id\":\"https:\/\/acheterenespagne.com\/immobilier\/avocat-valencia\/#article\",\"isPartOf\":{\"@id\":\"https:\/\/acheterenespagne.com\/immobilier\/avocat-valencia\/\"},\"author\":{\"name\":\"VIVAESPANAwp\",\"@id\":\"https:\/\/acheterenespagne.com\/immobilier\/#\/schema\/person\/cdf62c6c0168ab2fd10f7dffd55ca62d\"},\"headline\":\"Avocat Valencia\",\"datePublished\":\"2025-02-19T10:06:59+00:00\",\"dateModified\":\"2025-02-19T10:17:24+00:00\",\"mainEntityOfPage\":{\"@id\":\"https:\/\/acheterenespagne.com\/immobilier\/avocat-valencia\/\"},\"wordCount\":771,\"publisher\":{\"@id\":\"https:\/\/acheterenespagne.com\/immobilier\/#organization\"},\"image\":{\"@id\":\"https:\/\/acheterenespagne.com\/immobilier\/avocat-valencia\/#primaryimage\"},\"thumbnailUrl\":\"https:\/\/acheterenespagne.com\/immobilier\/wp-content\/uploads\/2025\/02\/Un-avocat-en-costume-elegant-assis-a-un-bureau-moderne-travaillant-sur-des-documents-legaux-avec-un-ordinateur-portable-ouvert-et-une-balance-de-jus.webp\",\"keywords\":[\"Avocat Espagne\",\"Avocat Franco Espagnol\",\"Avocat Francophone Espagne\",\"Droit immobilier Espagne\",\"Droit succession Espagne\"],\"articleSection\":[\"Achat\",\"Formalit\u00e9s\",\"Valencia\"],\"inLanguage\":\"fr-FR\"},{\"@type\":\"WebPage\",\"@id\":\"https:\/\/acheterenespagne.com\/immobilier\/avocat-valencia\/\",\"url\":\"https:\/\/acheterenespagne.com\/immobilier\/avocat-valencia\/\",\"name\":\"Avocat Valencia - ACHETER EN ESPAGNE\",\"isPartOf\":{\"@id\":\"https:\/\/acheterenespagne.com\/immobilier\/#website\"},\"primaryImageOfPage\":{\"@id\":\"https:\/\/acheterenespagne.com\/immobilier\/avocat-valencia\/#primaryimage\"},\"image\":{\"@id\":\"https:\/\/acheterenespagne.com\/immobilier\/avocat-valencia\/#primaryimage\"},\"thumbnailUrl\":\"https:\/\/acheterenespagne.com\/immobilier\/wp-content\/uploads\/2025\/02\/Un-avocat-en-costume-elegant-assis-a-un-bureau-moderne-travaillant-sur-des-documents-legaux-avec-un-ordinateur-portable-ouvert-et-une-balance-de-jus.webp\",\"datePublished\":\"2025-02-19T10:06:59+00:00\",\"dateModified\":\"2025-02-19T10:17:24+00:00\",\"breadcrumb\":{\"@id\":\"https:\/\/acheterenespagne.com\/immobilier\/avocat-valencia\/#breadcrumb\"},\"inLanguage\":\"fr-FR\",\"potentialAction\":[{\"@type\":\"ReadAction\",\"target\":[\"https:\/\/acheterenespagne.com\/immobilier\/avocat-valencia\/\"]}]},{\"@type\":\"ImageObject\",\"inLanguage\":\"fr-FR\",\"@id\":\"https:\/\/acheterenespagne.com\/immobilier\/avocat-valencia\/#primaryimage\",\"url\":\"https:\/\/acheterenespagne.com\/immobilier\/wp-content\/uploads\/2025\/02\/Un-avocat-en-costume-elegant-assis-a-un-bureau-moderne-travaillant-sur-des-documents-legaux-avec-un-ordinateur-portable-ouvert-et-une-balance-de-jus.webp\",\"contentUrl\":\"https:\/\/acheterenespagne.com\/immobilier\/wp-content\/uploads\/2025\/02\/Un-avocat-en-costume-elegant-assis-a-un-bureau-moderne-travaillant-sur-des-documents-legaux-avec-un-ordinateur-portable-ouvert-et-une-balance-de-jus.webp\",\"width\":1024,\"height\":1024,\"caption\":\"Un avocat en costume \u00e9l\u00e9gant, assis \u00e0 un bureau moderne, travaillant sur des documents l\u00e9gaux avec un ordinateur portable ouvert et une balance de justice\"},{\"@type\":\"BreadcrumbList\",\"@id\":\"https:\/\/acheterenespagne.com\/immobilier\/avocat-valencia\/#breadcrumb\",\"itemListElement\":[{\"@type\":\"ListItem\",\"position\":1,\"name\":\"Accueil\",\"item\":\"https:\/\/acheterenespagne.com\/immobilier\/\"},{\"@type\":\"ListItem\",\"position\":2,\"name\":\"Valencia\",\"item\":\"https:\/\/acheterenespagne.com\/immobilier\/category\/valencia\/\"},{\"@type\":\"ListItem\",\"position\":3,\"name\":\"Avocat Valencia\"}]},{\"@type\":\"WebSite\",\"@id\":\"https:\/\/acheterenespagne.com\/immobilier\/#website\",\"url\":\"https:\/\/acheterenespagne.com\/immobilier\/\",\"name\":\"ACHETER EN ESPAGNE\",\"description\":\"\",\"publisher\":{\"@id\":\"https:\/\/acheterenespagne.com\/immobilier\/#organization\"},\"potentialAction\":[{\"@type\":\"SearchAction\",\"target\":{\"@type\":\"EntryPoint\",\"urlTemplate\":\"https:\/\/acheterenespagne.com\/immobilier\/?s={search_term_string}\"},\"query-input\":{\"@type\":\"PropertyValueSpecification\",\"valueRequired\":true,\"valueName\":\"search_term_string\"}}],\"inLanguage\":\"fr-FR\"},{\"@type\":\"Organization\",\"@id\":\"https:\/\/acheterenespagne.com\/immobilier\/#organization\",\"name\":\"Acheter en Espagne\",\"url\":\"https:\/\/acheterenespagne.com\/immobilier\/\",\"logo\":{\"@type\":\"ImageObject\",\"inLanguage\":\"fr-FR\",\"@id\":\"https:\/\/acheterenespagne.com\/immobilier\/#\/schema\/logo\/image\/\",\"url\":\"https:\/\/acheterenespagne.com\/immobilier\/wp-content\/uploads\/2022\/06\/logo.webp\",\"contentUrl\":\"https:\/\/acheterenespagne.com\/immobilier\/wp-content\/uploads\/2022\/06\/logo.webp\",\"width\":789,\"height\":302,\"caption\":\"Acheter en Espagne\"},\"image\":{\"@id\":\"https:\/\/acheterenespagne.com\/immobilier\/#\/schema\/logo\/image\/\"},\"sameAs\":[\"https:\/\/www.facebook.com\/acheterenespagne\",\"https:\/\/x.com\/ACHETER_ESPAGNE\"]},{\"@type\":\"Person\",\"@id\":\"https:\/\/acheterenespagne.com\/immobilier\/#\/schema\/person\/cdf62c6c0168ab2fd10f7dffd55ca62d\",\"name\":\"VIVAESPANAwp\",\"url\":\"https:\/\/acheterenespagne.com\/immobilier\/author\/vivaespanawp\/\"}]}<\/script>\n<!-- \/ Yoast SEO plugin. -->","yoast_head_json":{"title":"Avocat Valencia - ACHETER EN ESPAGNE","robots":{"index":"index","follow":"follow","max-snippet":"max-snippet:-1","max-image-preview":"max-image-preview:large","max-video-preview":"max-video-preview:-1"},"canonical":"https:\/\/acheterenespagne.com\/immobilier\/avocat-valencia\/","og_locale":"fr_FR","og_type":"article","og_title":"Avocat Valencia - ACHETER EN ESPAGNE","og_description":"Avocat \u00e0 Valence : Trouvez un Expert Francophone en Droit Immobilier et Successions Vous cherchez un avocat \u00e0 Valence (Valencia) francophone pour vous accompagner dans vos d\u00e9marches juridiques en Espagne ? Que vous soyez expatri\u00e9, investisseur immobilier ou h\u00e9ritier, un avocat franco-espagnol comp\u00e9tent est essentiel pour naviguer dans le syst\u00e8me juridique espagnol en toute s\u00e9curit\u00e9. [&hellip;]","og_url":"https:\/\/acheterenespagne.com\/immobilier\/avocat-valencia\/","og_site_name":"ACHETER EN ESPAGNE","article_publisher":"https:\/\/www.facebook.com\/acheterenespagne","article_published_time":"2025-02-19T10:06:59+00:00","article_modified_time":"2025-02-19T10:17:24+00:00","og_image":[{"width":1024,"height":1024,"url":"https:\/\/acheterenespagne.com\/immobilier\/wp-content\/uploads\/2025\/02\/Un-avocat-en-costume-elegant-assis-a-un-bureau-moderne-travaillant-sur-des-documents-legaux-avec-un-ordinateur-portable-ouvert-et-une-balance-de-jus.webp","type":"image\/webp"}],"author":"VIVAESPANAwp","twitter_card":"summary_large_image","twitter_creator":"@ACHETER_ESPAGNE","twitter_site":"@ACHETER_ESPAGNE","twitter_misc":{"\u00c9crit par":"VIVAESPANAwp","Dur\u00e9e de lecture estim\u00e9e":"4 minutes"},"schema":{"@context":"https:\/\/schema.org","@graph":[{"@type":"Article","@id":"https:\/\/acheterenespagne.com\/immobilier\/avocat-valencia\/#article","isPartOf":{"@id":"https:\/\/acheterenespagne.com\/immobilier\/avocat-valencia\/"},"author":{"name":"VIVAESPANAwp","@id":"https:\/\/acheterenespagne.com\/immobilier\/#\/schema\/person\/cdf62c6c0168ab2fd10f7dffd55ca62d"},"headline":"Avocat Valencia","datePublished":"2025-02-19T10:06:59+00:00","dateModified":"2025-02-19T10:17:24+00:00","mainEntityOfPage":{"@id":"https:\/\/acheterenespagne.com\/immobilier\/avocat-valencia\/"},"wordCount":771,"publisher":{"@id":"https:\/\/acheterenespagne.com\/immobilier\/#organization"},"image":{"@id":"https:\/\/acheterenespagne.com\/immobilier\/avocat-valencia\/#primaryimage"},"thumbnailUrl":"https:\/\/acheterenespagne.com\/immobilier\/wp-content\/uploads\/2025\/02\/Un-avocat-en-costume-elegant-assis-a-un-bureau-moderne-travaillant-sur-des-documents-legaux-avec-un-ordinateur-portable-ouvert-et-une-balance-de-jus.webp","keywords":["Avocat Espagne","Avocat Franco Espagnol","Avocat Francophone Espagne","Droit immobilier Espagne","Droit succession Espagne"],"articleSection":["Achat","Formalit\u00e9s","Valencia"],"inLanguage":"fr-FR"},{"@type":"WebPage","@id":"https:\/\/acheterenespagne.com\/immobilier\/avocat-valencia\/","url":"https:\/\/acheterenespagne.com\/immobilier\/avocat-valencia\/","name":"Avocat Valencia - ACHETER EN ESPAGNE","isPartOf":{"@id":"https:\/\/acheterenespagne.com\/immobilier\/#website"},"primaryImageOfPage":{"@id":"https:\/\/acheterenespagne.com\/immobilier\/avocat-valencia\/#primaryimage"},"image":{"@id":"https:\/\/acheterenespagne.com\/immobilier\/avocat-valencia\/#primaryimage"},"thumbnailUrl":"https:\/\/acheterenespagne.com\/immobilier\/wp-content\/uploads\/2025\/02\/Un-avocat-en-costume-elegant-assis-a-un-bureau-moderne-travaillant-sur-des-documents-legaux-avec-un-ordinateur-portable-ouvert-et-une-balance-de-jus.webp","datePublished":"2025-02-19T10:06:59+00:00","dateModified":"2025-02-19T10:17:24+00:00","breadcrumb":{"@id":"https:\/\/acheterenespagne.com\/immobilier\/avocat-valencia\/#breadcrumb"},"inLanguage":"fr-FR","potentialAction":[{"@type":"ReadAction","target":["https:\/\/acheterenespagne.com\/immobilier\/avocat-valencia\/"]}]},{"@type":"ImageObject","inLanguage":"fr-FR","@id":"https:\/\/acheterenespagne.com\/immobilier\/avocat-valencia\/#primaryimage","url":"https:\/\/acheterenespagne.com\/immobilier\/wp-content\/uploads\/2025\/02\/Un-avocat-en-costume-elegant-assis-a-un-bureau-moderne-travaillant-sur-des-documents-legaux-avec-un-ordinateur-portable-ouvert-et-une-balance-de-jus.webp","contentUrl":"https:\/\/acheterenespagne.com\/immobilier\/wp-content\/uploads\/2025\/02\/Un-avocat-en-costume-elegant-assis-a-un-bureau-moderne-travaillant-sur-des-documents-legaux-avec-un-ordinateur-portable-ouvert-et-une-balance-de-jus.webp","width":1024,"height":1024,"caption":"Un avocat en costume \u00e9l\u00e9gant, assis \u00e0 un bureau moderne, travaillant sur des documents l\u00e9gaux avec un ordinateur portable ouvert et une balance de justice"},{"@type":"BreadcrumbList","@id":"https:\/\/acheterenespagne.com\/immobilier\/avocat-valencia\/#breadcrumb","itemListElement":[{"@type":"ListItem","position":1,"name":"Accueil","item":"https:\/\/acheterenespagne.com\/immobilier\/"},{"@type":"ListItem","position":2,"name":"Valencia","item":"https:\/\/acheterenespagne.com\/immobilier\/category\/valencia\/"},{"@type":"ListItem","position":3,"name":"Avocat Valencia"}]},{"@type":"WebSite","@id":"https:\/\/acheterenespagne.com\/immobilier\/#website","url":"https:\/\/acheterenespagne.com\/immobilier\/","name":"ACHETER EN ESPAGNE","description":"","publisher":{"@id":"https:\/\/acheterenespagne.com\/immobilier\/#organization"},"potentialAction":[{"@type":"SearchAction","target":{"@type":"EntryPoint","urlTemplate":"https:\/\/acheterenespagne.com\/immobilier\/?s={search_term_string}"},"query-input":{"@type":"PropertyValueSpecification","valueRequired":true,"valueName":"search_term_string"}}],"inLanguage":"fr-FR"},{"@type":"Organization","@id":"https:\/\/acheterenespagne.com\/immobilier\/#organization","name":"Acheter en Espagne","url":"https:\/\/acheterenespagne.com\/immobilier\/","logo":{"@type":"ImageObject","inLanguage":"fr-FR","@id":"https:\/\/acheterenespagne.com\/immobilier\/#\/schema\/logo\/image\/","url":"https:\/\/acheterenespagne.com\/immobilier\/wp-content\/uploads\/2022\/06\/logo.webp","contentUrl":"https:\/\/acheterenespagne.com\/immobilier\/wp-content\/uploads\/2022\/06\/logo.webp","width":789,"height":302,"caption":"Acheter en Espagne"},"image":{"@id":"https:\/\/acheterenespagne.com\/immobilier\/#\/schema\/logo\/image\/"},"sameAs":["https:\/\/www.facebook.com\/acheterenespagne","https:\/\/x.com\/ACHETER_ESPAGNE"]},{"@type":"Person","@id":"https:\/\/acheterenespagne.com\/immobilier\/#\/schema\/person\/cdf62c6c0168ab2fd10f7dffd55ca62d","name":"VIVAESPANAwp","url":"https:\/\/acheterenespagne.com\/immobilier\/author\/vivaespanawp\/"}]}},"_links":{"self":[{"href":"https:\/\/acheterenespagne.com\/immobilier\/wp-json\/wp\/v2\/posts\/43506","targetHints":{"allow":["GET"]}}],"collection":[{"href":"https:\/\/acheterenespagne.com\/immobilier\/wp-json\/wp\/v2\/posts"}],"about":[{"href":"https:\/\/acheterenespagne.com\/immobilier\/wp-json\/wp\/v2\/types\/post"}],"author":[{"embeddable":true,"href":"https:\/\/acheterenespagne.com\/immobilier\/wp-json\/wp\/v2\/users\/1"}],"replies":[{"embeddable":true,"href":"https:\/\/acheterenespagne.com\/immobilier\/wp-json\/wp\/v2\/comments?post=43506"}],"version-history":[{"count":13,"href":"https:\/\/acheterenespagne.com\/immobilier\/wp-json\/wp\/v2\/posts\/43506\/revisions"}],"predecessor-version":[{"id":43523,"href":"https:\/\/acheterenespagne.com\/immobilier\/wp-json\/wp\/v2\/posts\/43506\/revisions\/43523"}],"wp:featuredmedia":[{"embeddable":true,"href":"https:\/\/acheterenespagne.com\/immobilier\/wp-json\/wp\/v2\/media\/43509"}],"wp:attachment":[{"href":"https:\/\/acheterenespagne.com\/immobilier\/wp-json\/wp\/v2\/media?parent=43506"}],"wp:term":[{"taxonomy":"category","embeddable":true,"href":"https:\/\/acheterenespagne.com\/immobilier\/wp-json\/wp\/v2\/categories?post=43506"},{"taxonomy":"post_tag","embeddable":true,"href":"https:\/\/acheterenespagne.com\/immobilier\/wp-json\/wp\/v2\/tags?post=43506"}],"curies":[{"name":"wp","href":"https:\/\/api.w.org\/{rel}","templated":true}]}}