{"id":43687,"date":"2025-02-20T14:43:02","date_gmt":"2025-02-20T13:43:02","guid":{"rendered":"https:\/\/acheterenespagne.com\/immobilier\/?p=43687"},"modified":"2025-02-20T15:13:41","modified_gmt":"2025-02-20T14:13:41","slug":"vivre-a-alicante","status":"publish","type":"post","link":"https:\/\/acheterenespagne.com\/immobilier\/vivre-a-alicante\/","title":{"rendered":"Vivre \u00e0 Alicante"},"content":{"rendered":"\t\t<div data-elementor-type=\"wp-post\" data-elementor-id=\"43687\" class=\"elementor elementor-43687\">\n\t\t\t\t\t\t<section class=\"elementor-section elementor-top-section elementor-element elementor-element-f48500c elementor-section-boxed elementor-section-height-default elementor-section-height-default\" data-id=\"f48500c\" data-element_type=\"section\" data-e-type=\"section\">\n\t\t\t\t\t\t<div class=\"elementor-container elementor-column-gap-default\">\n\t\t\t\t\t<div class=\"elementor-column elementor-col-100 elementor-top-column elementor-element elementor-element-cdb396a\" data-id=\"cdb396a\" data-element_type=\"column\" data-e-type=\"column\">\n\t\t\t<div class=\"elementor-widget-wrap elementor-element-populated\">\n\t\t\t\t\t\t<div class=\"elementor-element elementor-element-90b5412 elementor-widget elementor-widget-wp-widget-bcn_widget\" data-id=\"90b5412\" data-element_type=\"widget\" data-e-type=\"widget\" data-widget_type=\"wp-widget-bcn_widget.default\">\n\t\t\t\t<div class=\"elementor-widget-container\">\n\t\t\t\t\t<div class=\"breadcrumbs\" vocab=\"https:\/\/schema.org\/\" typeof=\"BreadcrumbList\"><span property=\"itemListElement\" typeof=\"ListItem\"><a property=\"item\" typeof=\"WebPage\" title=\"Aller \u00e0 ACHETER EN ESPAGNE.\" href=\"https:\/\/acheterenespagne.com\/immobilier\" class=\"home\" aria-current=\"page\"><span property=\"name\">ACHETER EN ESPAGNE<\/span><\/a><meta property=\"position\" content=\"1\"><\/span><\/div>\t\t\t\t<\/div>\n\t\t\t\t<\/div>\n\t\t\t\t\t<\/div>\n\t\t<\/div>\n\t\t\t\t\t<\/div>\n\t\t<\/section>\n\t\t\t\t<section class=\"elementor-section elementor-top-section elementor-element elementor-element-f9c2d5d elementor-section-boxed elementor-section-height-default elementor-section-height-default\" data-id=\"f9c2d5d\" data-element_type=\"section\" data-e-type=\"section\">\n\t\t\t\t\t\t<div class=\"elementor-container elementor-column-gap-default\">\n\t\t\t\t\t<div class=\"elementor-column elementor-col-100 elementor-top-column elementor-element elementor-element-a4fe5db\" data-id=\"a4fe5db\" data-element_type=\"column\" data-e-type=\"column\">\n\t\t\t<div class=\"elementor-widget-wrap elementor-element-populated\">\n\t\t\t\t\t\t<div class=\"elementor-element elementor-element-5080a1f elementor-widget elementor-widget-text-editor\" data-id=\"5080a1f\" data-element_type=\"widget\" data-e-type=\"widget\" data-widget_type=\"text-editor.default\">\n\t\t\t\t<div class=\"elementor-widget-container\">\n\t\t\t\t\t\t\t\t\t<div><h2>Vivre \u00e0 Alicante : Un lifestyle m\u00e9diterran\u00e9en pour une installation permanente<\/h2><p class=\"break-words\">Alicante, perle de la Costa Blanca, s\u00e9duit non seulement les vacanciers et investisseurs, mais aussi ceux qui r\u00eavent d\u2019une vie permanente sous le soleil m\u00e9diterran\u00e9en. Avec plus de 300 jours de soleil par an, des plages \u00e0 port\u00e9e de main et une ambiance d\u00e9tendue, la ville offre un cadre de vie attractif. Mais au-del\u00e0 de son charme touristique, qu\u2019implique vraiment de vivre \u00e0 Alicante ? Voici une exploration du co\u00fbt de la vie, des options \u00e9ducatives pour les familles, et des communaut\u00e9s expatri\u00e9es qui facilitent une installation durable en 2025.<\/p><h3>1. Co\u00fbt de la vie : Abordable et confortable<\/h3><p class=\"break-words\">Alicante reste une ville o\u00f9 le co\u00fbt de la vie est raisonnable compar\u00e9 \u00e0 d\u2019autres m\u00e9tropoles espagnoles ou europ\u00e9ennes, tout en offrant une excellente qualit\u00e9 de vie. En 2025, voici une estimation bas\u00e9e sur les tendances actuelles :<\/p><ul><li style=\"list-style-type: none;\"><ul><li class=\"break-words\"><strong>Logement<\/strong> : Louer un appartement de 80 m\u00b2 dans le centre-ville co\u00fbte environ <strong>900-1 200 \u20ac\/mois<\/strong>, tandis qu\u2019\u00e0 Playa de San Juan, les prix atteignent <strong>1 000-1 400 \u20ac\/mois<\/strong>. Pour acheter, comptez <strong>2 200 \u20ac\/m\u00b2<\/strong> dans le centre et <strong>2 500 \u20ac\/m\u00b2<\/strong> pr\u00e8s de la plage, bien en de\u00e7\u00e0 de Barcelone (4 500 \u20ac\/m\u00b2) ou Paris (10 000 \u20ac\/m\u00b2).<\/li><\/ul><\/li><\/ul><ul><li style=\"list-style-type: none;\"><ul><li class=\"break-words\"><strong>Courses et alimentation<\/strong> : Un panier mensuel pour deux personnes (produits frais, poisson, vin local) revient \u00e0 <strong>300-400 \u20ac<\/strong>, gr\u00e2ce aux march\u00e9s comme le Mercado Central et aux prix mod\u00e9r\u00e9s (ex. : 1 kg de tomates \u00e0 1,50 \u20ac, caf\u00e9 \u00e0 1,20 \u20ac dans un bar).<\/li><\/ul><\/li><\/ul><ul><li style=\"list-style-type: none;\"><ul><li class=\"break-words\"><strong>Transports<\/strong> : Le tramway reliant Alicante \u00e0 San Juan ou Benidorm co\u00fbte <strong>1,45 \u20ac\/trajet<\/strong>, et un abonnement mensuel environ <strong>30-40 \u20ac<\/strong>. Une voiture reste optionnelle, mais l\u2019essence est \u00e0 <strong>1,60 \u20ac\/litre<\/strong>.<\/li><\/ul><\/li><\/ul><ul><li style=\"list-style-type: none;\"><ul><li class=\"break-words\"><strong>Loisirs<\/strong> : Un d\u00eener pour deux dans un restaurant moyen (paella, vin inclus) co\u00fbte <strong>35-50 \u20ac<\/strong>, et une place de cin\u00e9ma environ <strong>8 \u20ac<\/strong>.<\/li><\/ul><\/li><\/ul><ul><li style=\"list-style-type: none;\"><ul><li class=\"break-words\"><strong>Total mensuel<\/strong> : Un couple sans enfants peut vivre confortablement avec <strong>2 000-2 500 \u20ac\/mois<\/strong>, et une famille de quatre avec <strong>3 000-3 500 \u20ac<\/strong>, hors frais exceptionnels.<\/li><\/ul><\/li><\/ul><p class=\"break-words\">Alicante offre ainsi un \u00e9quilibre entre co\u00fbt abordable et acc\u00e8s \u00e0 un lifestyle m\u00e9diterran\u00e9en : plages gratuites, promenades ensoleill\u00e9es et cuisine locale savoureuse.<\/p><h4>2. \u00c9coles internationales : Un atout pour les familles<\/h4><p class=\"break-words\">Pour les familles envisageant une installation permanente, Alicante propose une gamme d\u2019\u00e9coles internationales, id\u00e9ales pour les enfants d\u2019expatri\u00e9s ou ceux visant une \u00e9ducation bilingue. Ces \u00e9tablissements, souvent situ\u00e9s dans des zones comme Playa de San Juan ou El Campello, r\u00e9pondent aux attentes des communaut\u00e9s \u00e9trang\u00e8res.<\/p><ul><li style=\"list-style-type: none;\"><ul><li class=\"break-words\"><a href=\"http:\/\/www.escuelaeuropea.org\/\"><strong>European School of Alicante (ESA)<\/strong><\/a> : Situ\u00e9e pr\u00e8s d\u2019El Plant\u00edo, cette \u00e9cole suit le programme europ\u00e9en (Baccalaur\u00e9at Europ\u00e9en) en anglais, fran\u00e7ais ou espagnol. Frais annuels : <strong>5 000-7 000 \u20ac\/enfant<\/strong>. R\u00e9put\u00e9e pour son excellence acad\u00e9mique et son environnement multiculturel.<\/li><\/ul><\/li><\/ul><ul><li style=\"list-style-type: none;\"><ul><li class=\"break-words\"><a href=\"https:\/\/mlfalicante.org\/\"><strong>Lyc\u00e9e Fran\u00e7ais d\u2019Alicante Pierre Deschamps<\/strong><\/a> : Bas\u00e9e dans le quartier de Vistahermosa, elle propose un cursus fran\u00e7ais de la maternelle au baccalaur\u00e9at. Co\u00fbt : <strong>4 500-6 000 \u20ac\/an<\/strong>. Tr\u00e8s pris\u00e9e des familles francophones.<\/li><\/ul><\/li><\/ul><ul><li style=\"list-style-type: none;\"><ul><li class=\"break-words\"><a href=\"https:\/\/ladyelizabethschool.com\/en\/\"><strong>Lady Elizabeth School<\/strong><\/a> : \u00c0 Muchamiel, pr\u00e8s de San Juan, cette \u00e9cole britannique offre le curriculum UK (IGCSE, A-Levels) avec des installations modernes (piscine, terrains de sport). Frais : <strong>10 000-12 000 \u20ac\/an<\/strong>. Populaire aupr\u00e8s des Britanniques et internationaux.<\/li><\/ul><\/li><\/ul><ul><li style=\"list-style-type: none;\"><ul><li class=\"break-words\"><a href=\"https:\/\/elians-british-school-la-nucia.dukeseducation.es\/\"><strong>Elian&rsquo;s British School<\/strong><\/a> : \u00c0 La Nuc\u00eda (30 minutes d\u2019Alicante), un autre choix britannique avec un accent sur l\u2019anglais et l\u2019espagnol. Co\u00fbt : <strong>8 000-10 000 \u20ac\/an<\/strong>.<\/li><\/ul><\/li><\/ul><p class=\"break-words\">Ces \u00e9coles attirent les familles expatri\u00e9es gr\u00e2ce \u00e0 leur multilinguisme et leurs standards \u00e9lev\u00e9s, facilitant l\u2019int\u00e9gration des enfants tout en pr\u00e9parant leur avenir acad\u00e9mique. Les options publiques locales, gratuites et de bonne qualit\u00e9, sont aussi accessibles avec une ma\u00eetrise de l\u2019espagnol.<\/p><h3>3. Communaut\u00e9s expatri\u00e9es : Une int\u00e9gration simplifi\u00e9e<\/h3><p class=\"break-words\">Alicante abrite une mosa\u00efque de communaut\u00e9s expatri\u00e9es, rendant l\u2019installation permanente plus fluide pour les nouveaux arrivants. En 2025, environ <strong>20-25 % de la population de la province<\/strong> est \u00e9trang\u00e8re, selon les estimations bas\u00e9es sur les donn\u00e9es INE (2023 : 21,5 %).<\/p><ul><li style=\"list-style-type: none;\"><ul><li class=\"break-words\"><strong>Britanniques<\/strong> : La communaut\u00e9 la plus nombreuse (plus de 76 000 dans la province en 2023), concentr\u00e9e \u00e0 Playa de San Juan, Torrevieja et Orihuela-Costa. Des pubs comme The Anchor \u00e0 San Juan ou des clubs sociaux (ex. : British Legion) facilitent les rencontres.<\/li><\/ul><\/li><\/ul><ul><li style=\"list-style-type: none;\"><ul><li class=\"break-words\"><strong>Scandinaves<\/strong> : Norv\u00e9giens, Su\u00e9dois et Danois affluent vers Alfaz del Pi et Albir (20-30 minutes d\u2019Alicante), o\u00f9 des \u00e9coles nordiques et des \u00e9glises luth\u00e9riennes renforcent leur pr\u00e9sence. Ils privil\u00e9gient aussi San Juan pour ses commodit\u00e9s.<\/li><\/ul><\/li><\/ul><ul><li style=\"list-style-type: none;\"><ul><li class=\"break-words\"><strong>Francophones<\/strong> : Environ <strong>5 000 Fran\u00e7ais, Belges et Suisses<\/strong> vivent dans la r\u00e9gion, notamment dans le centre-ville et \u00e0 El Campello. Des associations comme l\u2019Alliance Fran\u00e7aise d\u2019Alicante organisent des \u00e9v\u00e9nements culturels (soir\u00e9es cin\u00e9ma, cours de langue).<\/li><\/ul><\/li><\/ul><ul><li style=\"list-style-type: none;\"><ul><li class=\"break-words\"><strong>Autres Europ\u00e9ens<\/strong> : Polonais, Allemands et N\u00e9erlandais forment des poches dynamiques, souvent dans des urbanisations modernes ou l\u2019arri\u00e8re-pays (Jal\u00f3n, Benissa).<\/li><\/ul><\/li><\/ul><p class=\"break-words\">Ces communaut\u00e9s offrent un r\u00e9seau social pr\u00eat \u00e0 l\u2019emploi : groupes WhatsApp, caf\u00e9s multilingues et activit\u00e9s (golf, randonn\u00e9es). Les expatri\u00e9s trouvent aussi des services adapt\u00e9s (m\u00e9decins anglophones, agences immobili\u00e8res francophones), r\u00e9duisant la barri\u00e8re linguistique.<\/p><h3>4. Dimension lifestyle : Pourquoi Alicante ?<\/h3><ul><li style=\"list-style-type: none;\"><ul><li class=\"break-words\"><strong>Climat et nature<\/strong> : Temp\u00e9ratures moyennes de 18 \u00b0C en hiver et 30 \u00b0C en \u00e9t\u00e9, parfaites pour la plage (Postiguet, San Juan) ou les randonn\u00e9es dans la Sierra de Aitana.<\/li><\/ul><\/li><\/ul><ul><li style=\"list-style-type: none;\"><ul><li class=\"break-words\"><strong>Culture et loisirs<\/strong> : Festivals comme les Hogueras de San Juan, mus\u00e9es (MARQ), et une sc\u00e8ne gastronomique riche (arroz a banda, tapas \u00e0 El Barrio).<\/li><\/ul><\/li><\/ul><ul><li style=\"list-style-type: none;\"><ul><li class=\"break-words\"><strong>Accessibilit\u00e9<\/strong> : L\u2019a\u00e9roport d\u2019Alicante-Elche, \u00e0 20 minutes, relie l\u2019Europe enti\u00e8re, id\u00e9al pour les familles gardant des liens avec leur pays d\u2019origine.<\/li><\/ul><\/li><\/ul><h3>Exemple concret pour une famille<\/h3><p class=\"break-words\">Une famille de quatre personnes (deux enfants scolaris\u00e9s) s\u2019installe \u00e0 Playa de San Juan. Loyer : <strong>1 200 \u20ac\/mois<\/strong> pour un 100 m\u00b2 ; \u00e9cole internationale : <strong>12 000 \u20ac\/an<\/strong> pour deux ; vie quotidienne (courses, sorties) : <strong>800 \u20ac\/mois<\/strong>. Total : <strong>3 000-3 500 \u20ac\/mois<\/strong>, avec acc\u00e8s \u00e0 la plage, une communaut\u00e9 expatri\u00e9e et une \u00e9ducation de qualit\u00e9.<\/p><h4>Conclusion de nos experts<\/h4><p class=\"break-words\">Vivre \u00e0 Alicante en 2025, c\u2019est adopter un lifestyle m\u00e9diterran\u00e9en abordable (2 000-3 500 \u20ac\/mois selon le profil), avec des \u00e9coles internationales pour les enfants et des communaut\u00e9s expatri\u00e9es accueillantes. Que vous soyez retrait\u00e9 cherchant le soleil, famille en qu\u00eate d\u2019\u00e9quilibre ou professionnel profitant du t\u00e9l\u00e9travail, Alicante offre une douceur de vivre et une int\u00e9gration facilit\u00e9e. Pour une installation permanente, c\u2019est une destination qui allie confort, culture et convivialit\u00e9, loin des tracas des grandes m\u00e9tropoles.<\/p><\/div>\t\t\t\t\t\t\t\t<\/div>\n\t\t\t\t<\/div>\n\t\t\t\t\t<\/div>\n\t\t<\/div>\n\t\t\t\t\t<\/div>\n\t\t<\/section>\n\t\t\t\t<section class=\"elementor-section elementor-top-section elementor-element elementor-element-5528ea77 elementor-section-content-middle elementor-section-boxed elementor-section-height-default elementor-section-height-default\" data-id=\"5528ea77\" data-element_type=\"section\" data-e-type=\"section\" data-settings=\"{&quot;background_background&quot;:&quot;classic&quot;}\">\n\t\t\t\t\t\t\t<div class=\"elementor-background-overlay\"><\/div>\n\t\t\t\t\t\t\t<div class=\"elementor-container elementor-column-gap-no\">\n\t\t\t\t\t<div class=\"elementor-column elementor-col-100 elementor-top-column elementor-element elementor-element-1c295df0\" data-id=\"1c295df0\" data-element_type=\"column\" data-e-type=\"column\">\n\t\t\t<div class=\"elementor-widget-wrap elementor-element-populated\">\n\t\t\t\t\t\t<div class=\"elementor-element elementor-element-7fc1ba55 elementor-widget elementor-widget-heading\" data-id=\"7fc1ba55\" data-element_type=\"widget\" data-e-type=\"widget\" data-widget_type=\"heading.default\">\n\t\t\t\t<div class=\"elementor-widget-container\">\n\t\t\t\t\t<h4 class=\"elementor-heading-title elementor-size-default\">Un projet d'achat immobilier \u00e0 Alicante en Espagne<\/h4>\t\t\t\t<\/div>\n\t\t\t\t<\/div>\n\t\t\t\t<div class=\"elementor-element elementor-element-7f884f3c elementor-button-info elementor-align-center elementor-widget elementor-widget-button\" data-id=\"7f884f3c\" data-element_type=\"widget\" data-e-type=\"widget\" data-widget_type=\"button.default\">\n\t\t\t\t<div class=\"elementor-widget-container\">\n\t\t\t\t\t\t\t\t\t<div class=\"elementor-button-wrapper\">\n\t\t\t\t\t<a class=\"elementor-button elementor-button-link elementor-size-sm\" href=\"https:\/\/www.acheterenespagne.com\/contact.html\">\n\t\t\t\t\t\t<span class=\"elementor-button-content-wrapper\">\n\t\t\t\t\t\t<span class=\"elementor-button-icon\">\n\t\t\t\t<i aria-hidden=\"true\" class=\"fas fa-mail-bulk\"><\/i>\t\t\t<\/span>\n\t\t\t\t\t\t\t\t\t<span class=\"elementor-button-text\">Contactez un avocat francophone Alicante<\/span>\n\t\t\t\t\t<\/span>\n\t\t\t\t\t<\/a>\n\t\t\t\t<\/div>\n\t\t\t\t\t\t\t\t<\/div>\n\t\t\t\t<\/div>\n\t\t\t\t<div class=\"elementor-element elementor-element-76af27b9 elementor-widget elementor-widget-heading\" data-id=\"76af27b9\" data-element_type=\"widget\" data-e-type=\"widget\" data-widget_type=\"heading.default\">\n\t\t\t\t<div class=\"elementor-widget-container\">\n\t\t\t\t\t<h2 class=\"elementor-heading-title elementor-size-default\"><b>S\u00e9curisez votre achat et evitez les pieges !<\/b><\/h2>\t\t\t\t<\/div>\n\t\t\t\t<\/div>\n\t\t\t\t\t<\/div>\n\t\t<\/div>\n\t\t\t\t\t<\/div>\n\t\t<\/section>\n\t\t\t\t<section class=\"elementor-section elementor-top-section elementor-element elementor-element-559c793a elementor-section-boxed elementor-section-height-default elementor-section-height-default\" data-id=\"559c793a\" data-element_type=\"section\" data-e-type=\"section\">\n\t\t\t\t\t\t<div class=\"elementor-container elementor-column-gap-default\">\n\t\t\t\t\t<div class=\"elementor-column elementor-col-100 elementor-top-column elementor-element elementor-element-1b9a2732\" data-id=\"1b9a2732\" data-element_type=\"column\" data-e-type=\"column\">\n\t\t\t<div class=\"elementor-widget-wrap elementor-element-populated\">\n\t\t\t\t\t\t<div class=\"elementor-element elementor-element-3f459fac elementor-widget elementor-widget-text-editor\" data-id=\"3f459fac\" data-element_type=\"widget\" data-e-type=\"widget\" data-widget_type=\"text-editor.default\">\n\t\t\t\t<div class=\"elementor-widget-container\">\n\t\t\t\t\t\t\t\t\t<h3>Articles en lien avec la ville d&rsquo;ALICANTE :<\/h3><ul><li><a href=\"https:\/\/acheterenespagne.com\/immobilier\/cabinet-davocats-en-espagne-votre-partenaire-juridique-fiable\/\">Cabinet d\u2019Avocats en Espagne : Votre Partenaire Juridique Fiable<\/a><\/li><li><a href=\"https:\/\/acheterenespagne.com\/immobilier\/guide-dachat-immobilier-en-espagne-pour-les-etrangers\/\">Guide d\u2019Achat Immobilier en Espagne pour les \u00c9trangers<\/a><\/li><li><a href=\"https:\/\/acheterenespagne.com\/immobilier\/agence-immobiliere-alicante\/\">Agence immobili\u00e8re Alicante<\/a><\/li><li><a href=\"https:\/\/acheterenespagne.com\/immobilier\/investissement-locatif-alicante\/\"> Investissement locatif Alicante<\/a><\/li><li><a href=\"https:\/\/acheterenespagne.com\/immobilier\/villas-a-vendre-a-alicante-luxe-et-tradition\/\">Villas \u00e0 vendre \u00e0 Alicante : Luxe et tradition<\/a><\/li><li><a href=\"https:\/\/acheterenespagne.com\/immobilier\/evolution-des-prix-immobiliers-a-alicante-par-quartier\/\">\u00c9volution des prix immobiliers \u00e0 Alicante par quartier<\/a><\/li><li><a href=\"https:\/\/acheterenespagne.com\/immobilier\/pourquoi-investir-dans-limmobilier-a-alicante-en-2025\/\">Pourquoi investir dans l\u2019immobilier \u00e0 Alicante en 2025 ?<\/a><\/li><li><a href=\"https:\/\/acheterenespagne.com\/immobilier\/avocat-alicante\/\">Avocat pour un achat immobilier \u00e0 Alicante<\/a><\/li><li><a href=\"https:\/\/acheterenespagne.com\/immobilier\/acheter-un-appartement-a-alicante-espagne\/\">Acheter un appartement \u00e0 Alicante, Espagne<\/a><\/li><li><a href=\"https:\/\/acheterenespagne.com\/immobilier\/immobilier-alicante-bord-de-mer\/\">Immobilier Alicante bord de mer<\/a><\/li><li>\u00a0<\/li><\/ul>\t\t\t\t\t\t\t\t<\/div>\n\t\t\t\t<\/div>\n\t\t\t\t\t<\/div>\n\t\t<\/div>\n\t\t\t\t\t<\/div>\n\t\t<\/section>\n\t\t\t\t<\/div>\n\t\t","protected":false},"excerpt":{"rendered":"<p>Voici une section d\u00e9velopp\u00e9e sur \u00ab\u00a0Vivre \u00e0 Alicante\u00a0\u00bb, int\u00e9grant une dimension lifestyle avec des d\u00e9tails sur le co\u00fbt de la vie, les \u00e9coles internationales pour les familles, et les communaut\u00e9s expatri\u00e9es. Cette analyse vise \u00e0 s\u00e9duire ceux qui envisagent une installation permanente en 2025, en s\u2019appuyant sur des donn\u00e9es actuelles.<\/p>\n","protected":false},"author":1,"featured_media":43188,"comment_status":"closed","ping_status":"closed","sticky":false,"template":"","format":"standard","meta":{"footnotes":""},"categories":[326,324,325],"tags":[342],"class_list":["post-43687","post","type-post","status-publish","format-standard","has-post-thumbnail","hentry","category-achat","category-alicante","category-formalites","tag-achat"],"yoast_head":"<!-- This site is optimized with the Yoast SEO plugin v27.2 - https:\/\/yoast.com\/product\/yoast-seo-wordpress\/ -->\n<title>Vivre \u00e0 Alicante - ACHETER EN ESPAGNE<\/title>\n<meta name=\"robots\" content=\"index, follow, max-snippet:-1, max-image-preview:large, max-video-preview:-1\" \/>\n<link rel=\"canonical\" href=\"https:\/\/acheterenespagne.com\/immobilier\/vivre-a-alicante\/\" \/>\n<meta property=\"og:locale\" content=\"fr_FR\" \/>\n<meta property=\"og:type\" content=\"article\" \/>\n<meta property=\"og:title\" content=\"Vivre \u00e0 Alicante - ACHETER EN ESPAGNE\" \/>\n<meta property=\"og:description\" content=\"Voici une section d\u00e9velopp\u00e9e sur &quot;Vivre \u00e0 Alicante&quot;, int\u00e9grant une dimension lifestyle avec des d\u00e9tails sur le co\u00fbt de la vie, les \u00e9coles internationales pour les familles, et les communaut\u00e9s expatri\u00e9es. Cette analyse vise \u00e0 s\u00e9duire ceux qui envisagent une installation permanente en 2025, en s\u2019appuyant sur des donn\u00e9es actuelles.\" \/>\n<meta property=\"og:url\" content=\"https:\/\/acheterenespagne.com\/immobilier\/vivre-a-alicante\/\" \/>\n<meta property=\"og:site_name\" content=\"ACHETER EN ESPAGNE\" \/>\n<meta property=\"article:publisher\" content=\"https:\/\/www.facebook.com\/acheterenespagne\" \/>\n<meta property=\"article:published_time\" content=\"2025-02-20T13:43:02+00:00\" \/>\n<meta property=\"article:modified_time\" content=\"2025-02-20T14:13:41+00:00\" \/>\n<meta property=\"og:image\" content=\"https:\/\/acheterenespagne.com\/immobilier\/wp-content\/uploads\/2025\/02\/ville-alicante-espagne.webp\" \/>\n\t<meta property=\"og:image:width\" content=\"980\" \/>\n\t<meta property=\"og:image:height\" content=\"735\" \/>\n\t<meta property=\"og:image:type\" content=\"image\/webp\" \/>\n<meta name=\"author\" content=\"VIVAESPANAwp\" \/>\n<meta name=\"twitter:card\" content=\"summary_large_image\" \/>\n<meta name=\"twitter:creator\" content=\"@ACHETER_ESPAGNE\" \/>\n<meta name=\"twitter:site\" content=\"@ACHETER_ESPAGNE\" \/>\n<meta name=\"twitter:label1\" content=\"\u00c9crit par\" \/>\n\t<meta name=\"twitter:data1\" content=\"VIVAESPANAwp\" \/>\n\t<meta name=\"twitter:label2\" content=\"Dur\u00e9e de lecture estim\u00e9e\" \/>\n\t<meta name=\"twitter:data2\" content=\"6 minutes\" \/>\n<script type=\"application\/ld+json\" class=\"yoast-schema-graph\">{\"@context\":\"https:\/\/schema.org\",\"@graph\":[{\"@type\":\"Article\",\"@id\":\"https:\/\/acheterenespagne.com\/immobilier\/vivre-a-alicante\/#article\",\"isPartOf\":{\"@id\":\"https:\/\/acheterenespagne.com\/immobilier\/vivre-a-alicante\/\"},\"author\":{\"name\":\"VIVAESPANAwp\",\"@id\":\"https:\/\/acheterenespagne.com\/immobilier\/#\/schema\/person\/cdf62c6c0168ab2fd10f7dffd55ca62d\"},\"headline\":\"Vivre \u00e0 Alicante\",\"datePublished\":\"2025-02-20T13:43:02+00:00\",\"dateModified\":\"2025-02-20T14:13:41+00:00\",\"mainEntityOfPage\":{\"@id\":\"https:\/\/acheterenespagne.com\/immobilier\/vivre-a-alicante\/\"},\"wordCount\":1151,\"publisher\":{\"@id\":\"https:\/\/acheterenespagne.com\/immobilier\/#organization\"},\"image\":{\"@id\":\"https:\/\/acheterenespagne.com\/immobilier\/vivre-a-alicante\/#primaryimage\"},\"thumbnailUrl\":\"https:\/\/acheterenespagne.com\/immobilier\/wp-content\/uploads\/2025\/02\/ville-alicante-espagne.webp\",\"keywords\":[\"Achat Espagne\"],\"articleSection\":[\"Achat\",\"Alicante\",\"Formalit\u00e9s\"],\"inLanguage\":\"fr-FR\"},{\"@type\":\"WebPage\",\"@id\":\"https:\/\/acheterenespagne.com\/immobilier\/vivre-a-alicante\/\",\"url\":\"https:\/\/acheterenespagne.com\/immobilier\/vivre-a-alicante\/\",\"name\":\"Vivre \u00e0 Alicante - ACHETER EN ESPAGNE\",\"isPartOf\":{\"@id\":\"https:\/\/acheterenespagne.com\/immobilier\/#website\"},\"primaryImageOfPage\":{\"@id\":\"https:\/\/acheterenespagne.com\/immobilier\/vivre-a-alicante\/#primaryimage\"},\"image\":{\"@id\":\"https:\/\/acheterenespagne.com\/immobilier\/vivre-a-alicante\/#primaryimage\"},\"thumbnailUrl\":\"https:\/\/acheterenespagne.com\/immobilier\/wp-content\/uploads\/2025\/02\/ville-alicante-espagne.webp\",\"datePublished\":\"2025-02-20T13:43:02+00:00\",\"dateModified\":\"2025-02-20T14:13:41+00:00\",\"breadcrumb\":{\"@id\":\"https:\/\/acheterenespagne.com\/immobilier\/vivre-a-alicante\/#breadcrumb\"},\"inLanguage\":\"fr-FR\",\"potentialAction\":[{\"@type\":\"ReadAction\",\"target\":[\"https:\/\/acheterenespagne.com\/immobilier\/vivre-a-alicante\/\"]}]},{\"@type\":\"ImageObject\",\"inLanguage\":\"fr-FR\",\"@id\":\"https:\/\/acheterenespagne.com\/immobilier\/vivre-a-alicante\/#primaryimage\",\"url\":\"https:\/\/acheterenespagne.com\/immobilier\/wp-content\/uploads\/2025\/02\/ville-alicante-espagne.webp\",\"contentUrl\":\"https:\/\/acheterenespagne.com\/immobilier\/wp-content\/uploads\/2025\/02\/ville-alicante-espagne.webp\",\"width\":980,\"height\":735,\"caption\":\"vue d'une rue d'Alicante avec des maisons\"},{\"@type\":\"BreadcrumbList\",\"@id\":\"https:\/\/acheterenespagne.com\/immobilier\/vivre-a-alicante\/#breadcrumb\",\"itemListElement\":[{\"@type\":\"ListItem\",\"position\":1,\"name\":\"Accueil\",\"item\":\"https:\/\/acheterenespagne.com\/immobilier\/\"},{\"@type\":\"ListItem\",\"position\":2,\"name\":\"Alicante\",\"item\":\"https:\/\/acheterenespagne.com\/immobilier\/category\/alicante\/\"},{\"@type\":\"ListItem\",\"position\":3,\"name\":\"Vivre \u00e0 Alicante\"}]},{\"@type\":\"WebSite\",\"@id\":\"https:\/\/acheterenespagne.com\/immobilier\/#website\",\"url\":\"https:\/\/acheterenespagne.com\/immobilier\/\",\"name\":\"ACHETER EN ESPAGNE\",\"description\":\"\",\"publisher\":{\"@id\":\"https:\/\/acheterenespagne.com\/immobilier\/#organization\"},\"potentialAction\":[{\"@type\":\"SearchAction\",\"target\":{\"@type\":\"EntryPoint\",\"urlTemplate\":\"https:\/\/acheterenespagne.com\/immobilier\/?s={search_term_string}\"},\"query-input\":{\"@type\":\"PropertyValueSpecification\",\"valueRequired\":true,\"valueName\":\"search_term_string\"}}],\"inLanguage\":\"fr-FR\"},{\"@type\":\"Organization\",\"@id\":\"https:\/\/acheterenespagne.com\/immobilier\/#organization\",\"name\":\"Acheter en Espagne\",\"url\":\"https:\/\/acheterenespagne.com\/immobilier\/\",\"logo\":{\"@type\":\"ImageObject\",\"inLanguage\":\"fr-FR\",\"@id\":\"https:\/\/acheterenespagne.com\/immobilier\/#\/schema\/logo\/image\/\",\"url\":\"https:\/\/acheterenespagne.com\/immobilier\/wp-content\/uploads\/2022\/06\/logo.webp\",\"contentUrl\":\"https:\/\/acheterenespagne.com\/immobilier\/wp-content\/uploads\/2022\/06\/logo.webp\",\"width\":789,\"height\":302,\"caption\":\"Acheter en Espagne\"},\"image\":{\"@id\":\"https:\/\/acheterenespagne.com\/immobilier\/#\/schema\/logo\/image\/\"},\"sameAs\":[\"https:\/\/www.facebook.com\/acheterenespagne\",\"https:\/\/x.com\/ACHETER_ESPAGNE\"]},{\"@type\":\"Person\",\"@id\":\"https:\/\/acheterenespagne.com\/immobilier\/#\/schema\/person\/cdf62c6c0168ab2fd10f7dffd55ca62d\",\"name\":\"VIVAESPANAwp\",\"url\":\"https:\/\/acheterenespagne.com\/immobilier\/author\/vivaespanawp\/\"}]}<\/script>\n<!-- \/ Yoast SEO plugin. -->","yoast_head_json":{"title":"Vivre \u00e0 Alicante - ACHETER EN ESPAGNE","robots":{"index":"index","follow":"follow","max-snippet":"max-snippet:-1","max-image-preview":"max-image-preview:large","max-video-preview":"max-video-preview:-1"},"canonical":"https:\/\/acheterenespagne.com\/immobilier\/vivre-a-alicante\/","og_locale":"fr_FR","og_type":"article","og_title":"Vivre \u00e0 Alicante - ACHETER EN ESPAGNE","og_description":"Voici une section d\u00e9velopp\u00e9e sur \"Vivre \u00e0 Alicante\", int\u00e9grant une dimension lifestyle avec des d\u00e9tails sur le co\u00fbt de la vie, les \u00e9coles internationales pour les familles, et les communaut\u00e9s expatri\u00e9es. Cette analyse vise \u00e0 s\u00e9duire ceux qui envisagent une installation permanente en 2025, en s\u2019appuyant sur des donn\u00e9es actuelles.","og_url":"https:\/\/acheterenespagne.com\/immobilier\/vivre-a-alicante\/","og_site_name":"ACHETER EN ESPAGNE","article_publisher":"https:\/\/www.facebook.com\/acheterenespagne","article_published_time":"2025-02-20T13:43:02+00:00","article_modified_time":"2025-02-20T14:13:41+00:00","og_image":[{"width":980,"height":735,"url":"https:\/\/acheterenespagne.com\/immobilier\/wp-content\/uploads\/2025\/02\/ville-alicante-espagne.webp","type":"image\/webp"}],"author":"VIVAESPANAwp","twitter_card":"summary_large_image","twitter_creator":"@ACHETER_ESPAGNE","twitter_site":"@ACHETER_ESPAGNE","twitter_misc":{"\u00c9crit par":"VIVAESPANAwp","Dur\u00e9e de lecture estim\u00e9e":"6 minutes"},"schema":{"@context":"https:\/\/schema.org","@graph":[{"@type":"Article","@id":"https:\/\/acheterenespagne.com\/immobilier\/vivre-a-alicante\/#article","isPartOf":{"@id":"https:\/\/acheterenespagne.com\/immobilier\/vivre-a-alicante\/"},"author":{"name":"VIVAESPANAwp","@id":"https:\/\/acheterenespagne.com\/immobilier\/#\/schema\/person\/cdf62c6c0168ab2fd10f7dffd55ca62d"},"headline":"Vivre \u00e0 Alicante","datePublished":"2025-02-20T13:43:02+00:00","dateModified":"2025-02-20T14:13:41+00:00","mainEntityOfPage":{"@id":"https:\/\/acheterenespagne.com\/immobilier\/vivre-a-alicante\/"},"wordCount":1151,"publisher":{"@id":"https:\/\/acheterenespagne.com\/immobilier\/#organization"},"image":{"@id":"https:\/\/acheterenespagne.com\/immobilier\/vivre-a-alicante\/#primaryimage"},"thumbnailUrl":"https:\/\/acheterenespagne.com\/immobilier\/wp-content\/uploads\/2025\/02\/ville-alicante-espagne.webp","keywords":["Achat Espagne"],"articleSection":["Achat","Alicante","Formalit\u00e9s"],"inLanguage":"fr-FR"},{"@type":"WebPage","@id":"https:\/\/acheterenespagne.com\/immobilier\/vivre-a-alicante\/","url":"https:\/\/acheterenespagne.com\/immobilier\/vivre-a-alicante\/","name":"Vivre \u00e0 Alicante - ACHETER EN ESPAGNE","isPartOf":{"@id":"https:\/\/acheterenespagne.com\/immobilier\/#website"},"primaryImageOfPage":{"@id":"https:\/\/acheterenespagne.com\/immobilier\/vivre-a-alicante\/#primaryimage"},"image":{"@id":"https:\/\/acheterenespagne.com\/immobilier\/vivre-a-alicante\/#primaryimage"},"thumbnailUrl":"https:\/\/acheterenespagne.com\/immobilier\/wp-content\/uploads\/2025\/02\/ville-alicante-espagne.webp","datePublished":"2025-02-20T13:43:02+00:00","dateModified":"2025-02-20T14:13:41+00:00","breadcrumb":{"@id":"https:\/\/acheterenespagne.com\/immobilier\/vivre-a-alicante\/#breadcrumb"},"inLanguage":"fr-FR","potentialAction":[{"@type":"ReadAction","target":["https:\/\/acheterenespagne.com\/immobilier\/vivre-a-alicante\/"]}]},{"@type":"ImageObject","inLanguage":"fr-FR","@id":"https:\/\/acheterenespagne.com\/immobilier\/vivre-a-alicante\/#primaryimage","url":"https:\/\/acheterenespagne.com\/immobilier\/wp-content\/uploads\/2025\/02\/ville-alicante-espagne.webp","contentUrl":"https:\/\/acheterenespagne.com\/immobilier\/wp-content\/uploads\/2025\/02\/ville-alicante-espagne.webp","width":980,"height":735,"caption":"vue d'une rue d'Alicante avec des maisons"},{"@type":"BreadcrumbList","@id":"https:\/\/acheterenespagne.com\/immobilier\/vivre-a-alicante\/#breadcrumb","itemListElement":[{"@type":"ListItem","position":1,"name":"Accueil","item":"https:\/\/acheterenespagne.com\/immobilier\/"},{"@type":"ListItem","position":2,"name":"Alicante","item":"https:\/\/acheterenespagne.com\/immobilier\/category\/alicante\/"},{"@type":"ListItem","position":3,"name":"Vivre \u00e0 Alicante"}]},{"@type":"WebSite","@id":"https:\/\/acheterenespagne.com\/immobilier\/#website","url":"https:\/\/acheterenespagne.com\/immobilier\/","name":"ACHETER EN ESPAGNE","description":"","publisher":{"@id":"https:\/\/acheterenespagne.com\/immobilier\/#organization"},"potentialAction":[{"@type":"SearchAction","target":{"@type":"EntryPoint","urlTemplate":"https:\/\/acheterenespagne.com\/immobilier\/?s={search_term_string}"},"query-input":{"@type":"PropertyValueSpecification","valueRequired":true,"valueName":"search_term_string"}}],"inLanguage":"fr-FR"},{"@type":"Organization","@id":"https:\/\/acheterenespagne.com\/immobilier\/#organization","name":"Acheter en Espagne","url":"https:\/\/acheterenespagne.com\/immobilier\/","logo":{"@type":"ImageObject","inLanguage":"fr-FR","@id":"https:\/\/acheterenespagne.com\/immobilier\/#\/schema\/logo\/image\/","url":"https:\/\/acheterenespagne.com\/immobilier\/wp-content\/uploads\/2022\/06\/logo.webp","contentUrl":"https:\/\/acheterenespagne.com\/immobilier\/wp-content\/uploads\/2022\/06\/logo.webp","width":789,"height":302,"caption":"Acheter en Espagne"},"image":{"@id":"https:\/\/acheterenespagne.com\/immobilier\/#\/schema\/logo\/image\/"},"sameAs":["https:\/\/www.facebook.com\/acheterenespagne","https:\/\/x.com\/ACHETER_ESPAGNE"]},{"@type":"Person","@id":"https:\/\/acheterenespagne.com\/immobilier\/#\/schema\/person\/cdf62c6c0168ab2fd10f7dffd55ca62d","name":"VIVAESPANAwp","url":"https:\/\/acheterenespagne.com\/immobilier\/author\/vivaespanawp\/"}]}},"_links":{"self":[{"href":"https:\/\/acheterenespagne.com\/immobilier\/wp-json\/wp\/v2\/posts\/43687","targetHints":{"allow":["GET"]}}],"collection":[{"href":"https:\/\/acheterenespagne.com\/immobilier\/wp-json\/wp\/v2\/posts"}],"about":[{"href":"https:\/\/acheterenespagne.com\/immobilier\/wp-json\/wp\/v2\/types\/post"}],"author":[{"embeddable":true,"href":"https:\/\/acheterenespagne.com\/immobilier\/wp-json\/wp\/v2\/users\/1"}],"replies":[{"embeddable":true,"href":"https:\/\/acheterenespagne.com\/immobilier\/wp-json\/wp\/v2\/comments?post=43687"}],"version-history":[{"count":10,"href":"https:\/\/acheterenespagne.com\/immobilier\/wp-json\/wp\/v2\/posts\/43687\/revisions"}],"predecessor-version":[{"id":43742,"href":"https:\/\/acheterenespagne.com\/immobilier\/wp-json\/wp\/v2\/posts\/43687\/revisions\/43742"}],"wp:featuredmedia":[{"embeddable":true,"href":"https:\/\/acheterenespagne.com\/immobilier\/wp-json\/wp\/v2\/media\/43188"}],"wp:attachment":[{"href":"https:\/\/acheterenespagne.com\/immobilier\/wp-json\/wp\/v2\/media?parent=43687"}],"wp:term":[{"taxonomy":"category","embeddable":true,"href":"https:\/\/acheterenespagne.com\/immobilier\/wp-json\/wp\/v2\/categories?post=43687"},{"taxonomy":"post_tag","embeddable":true,"href":"https:\/\/acheterenespagne.com\/immobilier\/wp-json\/wp\/v2\/tags?post=43687"}],"curies":[{"name":"wp","href":"https:\/\/api.w.org\/{rel}","templated":true}]}}