{"id":43787,"date":"2025-02-20T17:08:11","date_gmt":"2025-02-20T16:08:11","guid":{"rendered":"https:\/\/acheterenespagne.com\/immobilier\/?p=43787"},"modified":"2025-02-21T10:33:19","modified_gmt":"2025-02-21T09:33:19","slug":"vivre-en-espagne-a-la-retraite","status":"publish","type":"post","link":"https:\/\/acheterenespagne.com\/immobilier\/vivre-en-espagne-a-la-retraite\/","title":{"rendered":"Vivre en Espagne \u00e0 la retraite"},"content":{"rendered":"\t\t<div data-elementor-type=\"wp-post\" data-elementor-id=\"43787\" class=\"elementor elementor-43787\">\n\t\t\t\t\t\t<section class=\"elementor-section elementor-top-section elementor-element elementor-element-bee3ee1 elementor-section-boxed elementor-section-height-default elementor-section-height-default\" data-id=\"bee3ee1\" data-element_type=\"section\" data-e-type=\"section\">\n\t\t\t\t\t\t<div class=\"elementor-container elementor-column-gap-default\">\n\t\t\t\t\t<div class=\"elementor-column elementor-col-100 elementor-top-column elementor-element elementor-element-ce4a9c7\" data-id=\"ce4a9c7\" data-element_type=\"column\" data-e-type=\"column\">\n\t\t\t<div class=\"elementor-widget-wrap elementor-element-populated\">\n\t\t\t\t\t\t<div class=\"elementor-element elementor-element-7598a11 elementor-widget elementor-widget-wp-widget-bcn_widget\" data-id=\"7598a11\" data-element_type=\"widget\" data-e-type=\"widget\" data-widget_type=\"wp-widget-bcn_widget.default\">\n\t\t\t\t<div class=\"elementor-widget-container\">\n\t\t\t\t\t<div class=\"breadcrumbs\" vocab=\"https:\/\/schema.org\/\" typeof=\"BreadcrumbList\"><span property=\"itemListElement\" typeof=\"ListItem\"><a property=\"item\" typeof=\"WebPage\" title=\"Aller \u00e0 ACHETER EN ESPAGNE.\" href=\"https:\/\/acheterenespagne.com\/immobilier\" class=\"home\" aria-current=\"page\"><span property=\"name\">ACHETER EN ESPAGNE<\/span><\/a><meta property=\"position\" content=\"1\"><\/span><\/div>\t\t\t\t<\/div>\n\t\t\t\t<\/div>\n\t\t\t\t\t<\/div>\n\t\t<\/div>\n\t\t\t\t\t<\/div>\n\t\t<\/section>\n\t\t\t\t<section class=\"elementor-section elementor-top-section elementor-element elementor-element-df639e7 elementor-section-boxed elementor-section-height-default elementor-section-height-default\" data-id=\"df639e7\" data-element_type=\"section\" data-e-type=\"section\">\n\t\t\t\t\t\t<div class=\"elementor-container elementor-column-gap-default\">\n\t\t\t\t\t<div class=\"elementor-column elementor-col-100 elementor-top-column elementor-element elementor-element-adf2ffc\" data-id=\"adf2ffc\" data-element_type=\"column\" data-e-type=\"column\">\n\t\t\t<div class=\"elementor-widget-wrap elementor-element-populated\">\n\t\t\t\t\t\t<div class=\"elementor-element elementor-element-15da81c elementor-widget elementor-widget-text-editor\" data-id=\"15da81c\" data-element_type=\"widget\" data-e-type=\"widget\" data-widget_type=\"text-editor.default\">\n\t\t\t\t<div class=\"elementor-widget-container\">\n\t\t\t\t\t\t\t\t\t<div><p class=\"break-words\">L\u2019Espagne est une destination de r\u00eave pour de nombreux retrait\u00e9s, notamment fran\u00e7ais, gr\u00e2ce \u00e0 son climat ensoleill\u00e9, son co\u00fbt de vie abordable et son ambiance d\u00e9tendue. En 2025, elle reste une option pris\u00e9e pour profiter pleinement de ses ann\u00e9es de retraite, que ce soit sur la Costa Blanca (<a href=\"https:\/\/acheterenespagne.com\/immobilier\/category\/alicante\/\">Alicante<\/a>), la Costa del Sol ou dans des villages plus tranquilles. Cependant, cette nouvelle vie comporte aussi des d\u00e9fis \u00e0 anticiper. Voici un aper\u00e7u des<a href=\"https:\/\/acheterenespagne.com\/immobilier\/vivre-en-espagne-avantages-et-inconvenients\/\"> <strong>avantages et inconv\u00e9nients<\/strong><\/a> pour vous aider \u00e0 d\u00e9cider si l\u2019Espagne est faite pour votre retraite.<\/p><h2>Avantages de vivre en Espagne \u00e0 la retraite<\/h2><h3>Climat id\u00e9al pour les seniors<\/h3><ul><li style=\"list-style-type: none;\"><ul><li class=\"break-words\">Avec plus de 300 jours de soleil par an dans des r\u00e9gions comme Alicante ou Malaga, l\u2019Espagne offre des hivers doux (15-18 \u00b0C) et des \u00e9t\u00e9s chauds mais supportables (30 \u00b0C avec brise c\u00f4ti\u00e8re). Ce climat r\u00e9duit les douleurs articulaires li\u00e9es au froid et encourage un mode de vie actif : marches sur la plage (Postiguet), golf, ou p\u00e9tanque dans des clubs locaux.<\/li><\/ul><\/li><\/ul><ul><li style=\"list-style-type: none;\"><ul><li class=\"break-words\">Compar\u00e9 aux hivers humides du nord de la France, c\u2019est un atout sant\u00e9 ind\u00e9niable pour les retrait\u00e9s.<\/li><\/ul><\/li><\/ul><h3>Co\u00fbt de la vie abordable avec une pension<\/h3><ul><li style=\"list-style-type: none;\"><ul><li class=\"break-words\">Une pension fran\u00e7aise moyenne (1 500-2 000 \u20ac\/mois pour une personne, 2 500-3 000 \u20ac pour un couple) permet de vivre confortablement en Espagne. \u00c0 Alicante en 2025, un loyer pour un 70 m\u00b2 dans un quartier calme comme Albufereta co\u00fbte <strong>800-1 000 \u20ac\/mois<\/strong>, les courses (produits frais, vin) reviennent \u00e0 <strong>250-350 \u20ac\/mois<\/strong>, et un caf\u00e9 ou une bi\u00e8re \u00e0 <strong>1,20-2 \u20ac<\/strong>. Total : <strong>1 500-2 000 \u20ac\/mois<\/strong> pour un couple, laissant de la marge pour les loisirs.<\/li><\/ul><\/li><\/ul><ul><li style=\"list-style-type: none;\"><ul><li class=\"break-words\">Les imp\u00f4ts sur les pensions sont souvent avantageux gr\u00e2ce \u00e0 la convention fiscale France-Espagne : les retraites publiques (ex. : fonctionnaires) sont impos\u00e9es en France, les priv\u00e9es en Espagne \u00e0 des taux progressifs (19-45 %, mais exon\u00e9r\u00e9es sous 12 000 \u20ac\/an).<\/li><\/ul><\/li><\/ul><h3>Syst\u00e8me de sant\u00e9 adapt\u00e9 aux retrait\u00e9s<\/h3><ul><li style=\"list-style-type: none;\"><ul><li class=\"break-words\">Les retrait\u00e9s europ\u00e9ens acc\u00e8dent au syst\u00e8me de sant\u00e9 publique espagnol via le formulaire S1 (obtenu aupr\u00e8s de la CPAM en France), couvrant consultations, hospitalisations et m\u00e9dicaments (subventionn\u00e9s \u00e0 60-100 % selon revenus). Par exemple, une visite chez un g\u00e9n\u00e9raliste est gratuite, et une bo\u00eete de m\u00e9dicaments co\u00fbte <strong>2-5 \u20ac<\/strong> avec ordonnance.<\/li><\/ul><\/li><\/ul><ul><li style=\"list-style-type: none;\"><ul><li class=\"break-words\">Les assurances priv\u00e9es (Sanitas, DKV) offrent une alternative rapide pour <strong>80-150 \u20ac\/mois<\/strong>, avec acc\u00e8s \u00e0 des cliniques modernes et des m\u00e9decins anglophones ou francophones, un plus pour \u00e9viter les d\u00e9lais du public.<\/li><\/ul><\/li><\/ul><h3>Communaut\u00e9s expatri\u00e9es accueillantes<\/h3><ul><li style=\"list-style-type: none;\"><ul><li class=\"break-words\">Alicante (20-25 % d\u2019\u00e9trangers), Torrevieja ou la Costa del Sol abritent de grandes communaut\u00e9s de retrait\u00e9s britanniques, fran\u00e7ais et nordiques. \u00c0 Playa de San Juan, des clubs comme l\u2019U3A (University of the Third Age) ou l\u2019Alliance Fran\u00e7aise organisent des activit\u00e9s (conf\u00e9rences, excursions, cours de langue), facilitant les liens sociaux.<\/li><\/ul><\/li><\/ul><ul><li style=\"list-style-type: none;\"><ul><li class=\"break-words\">Ces r\u00e9seaux r\u00e9duisent l\u2019isolement, fr\u00e9quent chez les seniors expatri\u00e9s, et offrent un soutien pratique (conseils sur les d\u00e9marches, recommandations de services).<\/li><\/ul><\/li><\/ul><h3>Loisirs et qualit\u00e9 de vie<\/h3><ul><li style=\"list-style-type: none;\"><ul><li class=\"break-words\">L\u2019Espagne regorge d\u2019activit\u00e9s adapt\u00e9es aux retrait\u00e9s : promenades sur les esplanades (Explanada de Espa\u00f1a \u00e0 Alicante), march\u00e9s locaux, ou thermalisme (ex. : Archena dans la Murcie). Les loisirs sont abordables : <strong>8 \u20ac<\/strong> pour une place de cin\u00e9ma, <strong>30-40 \u20ac<\/strong> pour un d\u00eener au restaurant.<\/li><\/ul><\/li><\/ul><ul><li style=\"list-style-type: none;\"><ul><li class=\"break-words\">La proximit\u00e9 avec la France (2h de vol depuis Alicante, 50-100 \u20ac) permet de rendre visite \u00e0 la famille facilement.<\/li><\/ul><\/li><\/ul><h2>Inconv\u00e9nients de vivre en Espagne \u00e0 la retraite<\/h2><h3>Barri\u00e8re linguistique et d\u00e9pendance<\/h3><ul><li style=\"list-style-type: none;\"><ul><li class=\"break-words\">Sans ma\u00eetrise de l\u2019espagnol, les retrait\u00e9s peuvent se sentir limit\u00e9s dans les interactions quotidiennes (m\u00e9decins, voisins, administration). \u00c0 Alicante, l\u2019anglais aide dans les zones expatri\u00e9es, mais hors Playa de San Juan ou Torrevieja, l\u2019espagnol est incontournable. Les cours (50-100 \u20ac\/mois) demandent un effort que tous ne sont pas pr\u00eats \u00e0 fournir \u00e0 la retraite.<\/li><\/ul><\/li><\/ul><ul><li style=\"list-style-type: none;\"><ul><li class=\"break-words\">Cela peut accentuer la d\u00e9pendance \u00e0 des communaut\u00e9s expatri\u00e9es, parfois per\u00e7ues comme des \u00ab\u00a0bulles\u00a0\u00bb coup\u00e9es de la culture locale.<\/li><\/ul><\/li><\/ul><h3>Bureaucratie et adaptation administrative<\/h3><ul><li style=\"list-style-type: none;\"><ul><li class=\"break-words\">S\u2019installer implique des d\u00e9marches complexes : obtenir un <a href=\"https:\/\/acheterenespagne.com\/immobilier\/nie-pour-qui-pourquoi-comment\/\">NIE<\/a> (1-2 mois d\u2019attente), s\u2019inscrire \u00e0 la s\u00e9curit\u00e9 sociale espagnole, ou d\u00e9clarer sa r\u00e9sidence fiscale. Les horaires d\u00e9cal\u00e9s (fermeture des bureaux l\u2019apr\u00e8s-midi) et le manque de digitalisation frustrent souvent les retrait\u00e9s habitu\u00e9s \u00e0 plus d\u2019efficacit\u00e9.<\/li><\/ul><\/li><\/ul><ul><li style=\"list-style-type: none;\"><ul><li class=\"break-words\">Par exemple, renouveler un certificat S1 ou changer une adresse peut n\u00e9cessiter plusieurs visites en personne, un d\u00e9fi pour ceux moins mobiles.<\/li><\/ul><\/li><\/ul><h3>Co\u00fbt des soins sp\u00e9cifiques aux seniors<\/h3><ul><li style=\"list-style-type: none;\"><ul><li class=\"break-words\">Si le syst\u00e8me public est solide, les soins longue dur\u00e9e (maisons de retraite, aide \u00e0 domicile) sont moins subventionn\u00e9s qu\u2019en France. Une maison de retraite priv\u00e9e \u00e0 Alicante co\u00fbte <strong>1 500-2 500 \u20ac\/mois<\/strong>, contre 2 000-3 000 \u20ac en France, mais les places publiques sont rares et les listes d\u2019attente longues.<\/li><\/ul><\/li><\/ul><ul><li style=\"list-style-type: none;\"><ul><li class=\"break-words\">Les retrait\u00e9s d\u00e9pendants devront pr\u00e9voir un budget suppl\u00e9mentaire ou une assurance d\u00e9pendance, pas toujours couverte par les mutuelles espagnoles.<\/li><\/ul><\/li><\/ul><h3>Saisonnalit\u00e9 et isolement hors saison<\/h3><ul><li style=\"list-style-type: none;\"><ul><li class=\"break-words\">Dans des villes c\u00f4ti\u00e8res comme Alicante, l\u2019\u00e9t\u00e9 attire des foules (bruit, affluence), tandis que l\u2019hiver peut sembler d\u00e9sert hors des grandes communaut\u00e9s expatri\u00e9es. \u00c0 Torrevieja, par exemple, restaurants et activit\u00e9s ferment hors saison, limitant la vie sociale pour les retrait\u00e9s rest\u00e9s sur place.<\/li><\/ul><\/li><\/ul><ul><li style=\"list-style-type: none;\"><ul><li class=\"break-words\">Cela peut accentuer le sentiment de solitude, surtout pour ceux \u00e9loign\u00e9s de leur famille.<\/li><\/ul><\/li><\/ul><h3>Distance familiale et nostalgie<\/h3><ul><li style=\"list-style-type: none;\"><ul><li class=\"break-words\">M\u00eame avec des vols abordables, vivre en Espagne \u00e9loigne des enfants ou petits-enfants rest\u00e9s en France. Les retrait\u00e9s doivent peser cet isolement affectif, surtout en cas de sant\u00e9 fragile ou de besoin de soutien familial.<\/li><\/ul><\/li><\/ul><ul><li style=\"list-style-type: none;\"><ul><li class=\"break-words\">La nostalgie de la France (amis, habitudes) peut aussi peser apr\u00e8s l\u2019euphorie des premiers mois.<\/li><\/ul><\/li><\/ul><h4>Exemple concret : Retraite \u00e0 Alicante en 2025<\/h4><ul><li style=\"list-style-type: none;\"><ul><li class=\"break-words\"><strong>Avantage<\/strong> : Un couple de retrait\u00e9s avec une pension combin\u00e9e de <strong>2 800 \u20ac\/mois<\/strong> loue un appartement de 70 m\u00b2 \u00e0 Albufereta (900 \u20ac), d\u00e9pense 300 \u20ac en courses, 100 \u20ac en loisirs (golf, restos), et 120 \u20ac pour une assurance priv\u00e9e. Ils profitent de la plage, du soleil et d\u2019un club francophone, avec <strong>1 380 \u20ac de reste \u00e0 vivre<\/strong>.<\/li><\/ul><\/li><\/ul><ul><li style=\"list-style-type: none;\"><ul><li class=\"break-words\"><strong>Inconv\u00e9nient<\/strong> : Ils gal\u00e8rent avec le NIE (2 mois d\u2019attente), peinent \u00e0 comprendre les factures en espagnol, et trouvent l\u2019hiver trop calme, regrettant les visites fr\u00e9quentes de leurs petits-enfants.<\/li><\/ul><\/li><\/ul><h4>Conclusion : Une retraite sous le soleil, avec pr\u00e9paration<\/h4><p class=\"break-words\"><strong>Vivre en Espagne \u00e0 la retraite en 2025<\/strong> offre des atouts majeurs pour les seniors : un climat doux, un co\u00fbt de vie adapt\u00e9 aux pensions modestes, une sant\u00e9 accessible, et une vie sociale riche gr\u00e2ce aux expatri\u00e9s. Alicante, avec ses plages et son ambiance, incarne cette promesse. Cependant, les d\u00e9fis \u2013 langue, bureaucratie, isolement saisonnier \u2013 exigent une planification : apprendre quelques bases d\u2019espagnol, s\u2019entourer de conseillers pour les d\u00e9marches, et maintenir des liens avec la France. Pour les retrait\u00e9s mobiles et ouverts, l\u2019Espagne est un paradis m\u00e9diterran\u00e9en ; pour d\u2019autres, une aventure \u00e0 peser avec soin.<\/p><\/div>\t\t\t\t\t\t\t\t<\/div>\n\t\t\t\t<\/div>\n\t\t\t\t\t<\/div>\n\t\t<\/div>\n\t\t\t\t\t<\/div>\n\t\t<\/section>\n\t\t\t\t<section class=\"elementor-section elementor-top-section elementor-element elementor-element-2179db6 elementor-section-boxed elementor-section-height-default elementor-section-height-default\" data-id=\"2179db6\" data-element_type=\"section\" data-e-type=\"section\">\n\t\t\t\t\t\t<div class=\"elementor-container elementor-column-gap-default\">\n\t\t\t\t\t<div class=\"elementor-column elementor-col-100 elementor-top-column elementor-element elementor-element-04c8bf1\" data-id=\"04c8bf1\" data-element_type=\"column\" data-e-type=\"column\">\n\t\t\t<div class=\"elementor-widget-wrap elementor-element-populated\">\n\t\t\t\t\t\t<div class=\"elementor-element elementor-element-dfdb41e elementor-widget elementor-widget-text-editor\" data-id=\"dfdb41e\" data-element_type=\"widget\" data-e-type=\"widget\" data-widget_type=\"text-editor.default\">\n\t\t\t\t<div class=\"elementor-widget-container\">\n\t\t\t\t\t\t\t\t\t<div><h2>R\u00e9alisez votre r\u00eave de retraite en Espagne avec une petite pension<\/h2><p class=\"break-words\">Et si votre retraite rimait avec soleil, douceur de vivre et tranquillit\u00e9, sans pour autant vider vos \u00e9conomies ? Pour beaucoup, partir s\u2019installer en Espagne est un r\u00eave qui semble hors de port\u00e9e avec une petite pension. Pourtant, ce pays m\u00e9diterran\u00e9en regorge de r\u00e9gions o\u00f9 l\u2019immobilier reste abordable, m\u00eame pour les budgets les plus modestes. Entre un co\u00fbt de la vie raisonnable, des paysages \u00e0 couper le souffle et des prix d\u00e9fiant toute concurrence dans certaines zones, l\u2019Espagne offre de belles opportunit\u00e9s aux retrait\u00e9s cherchant \u00e0 concilier confort et s\u00e9r\u00e9nit\u00e9 financi\u00e8re. Mais alors, o\u00f9 poser vos valises pour profiter au mieux de cette nouvelle vie ? Dans cet article, nous vous d\u00e9voilons les meilleures destinations pour <a href=\"https:\/\/acheterenespagne.com\/immobilier\/ou-peut-on-acheter-avec-une-petite-retraite-en-espagne\/\">acheter un bien immobilier en Espagne avec une petite retraite<\/a>, ainsi que des conseils pratiques pour faire de ce projet une r\u00e9alit\u00e9. Pr\u00e9parez-vous \u00e0 d\u00e9couvrir votre futur chez-vous sous le soleil espagnol !<\/p><\/div>\t\t\t\t\t\t\t\t<\/div>\n\t\t\t\t<\/div>\n\t\t\t\t\t<\/div>\n\t\t<\/div>\n\t\t\t\t\t<\/div>\n\t\t<\/section>\n\t\t\t\t<section class=\"elementor-section elementor-top-section elementor-element elementor-element-5499b0a5 elementor-section-content-middle elementor-section-boxed elementor-section-height-default elementor-section-height-default\" data-id=\"5499b0a5\" data-element_type=\"section\" data-e-type=\"section\" data-settings=\"{&quot;background_background&quot;:&quot;classic&quot;}\">\n\t\t\t\t\t\t\t<div class=\"elementor-background-overlay\"><\/div>\n\t\t\t\t\t\t\t<div class=\"elementor-container elementor-column-gap-no\">\n\t\t\t\t\t<div class=\"elementor-column elementor-col-100 elementor-top-column elementor-element elementor-element-20b2ee71\" data-id=\"20b2ee71\" data-element_type=\"column\" data-e-type=\"column\">\n\t\t\t<div class=\"elementor-widget-wrap elementor-element-populated\">\n\t\t\t\t\t\t<div class=\"elementor-element elementor-element-75934640 elementor-widget elementor-widget-heading\" data-id=\"75934640\" data-element_type=\"widget\" data-e-type=\"widget\" data-widget_type=\"heading.default\">\n\t\t\t\t<div class=\"elementor-widget-container\">\n\t\t\t\t\t<h4 class=\"elementor-heading-title elementor-size-default\">Un projet d'achat immobilier en Espagne<\/h4>\t\t\t\t<\/div>\n\t\t\t\t<\/div>\n\t\t\t\t<div class=\"elementor-element elementor-element-1de0318e elementor-button-info elementor-align-center elementor-widget elementor-widget-button\" data-id=\"1de0318e\" data-element_type=\"widget\" data-e-type=\"widget\" data-widget_type=\"button.default\">\n\t\t\t\t<div class=\"elementor-widget-container\">\n\t\t\t\t\t\t\t\t\t<div class=\"elementor-button-wrapper\">\n\t\t\t\t\t<a class=\"elementor-button elementor-button-link elementor-size-sm\" href=\"https:\/\/www.acheterenespagne.com\/contact.html\">\n\t\t\t\t\t\t<span class=\"elementor-button-content-wrapper\">\n\t\t\t\t\t\t<span class=\"elementor-button-icon\">\n\t\t\t\t<i aria-hidden=\"true\" class=\"fas fa-mail-bulk\"><\/i>\t\t\t<\/span>\n\t\t\t\t\t\t\t\t\t<span class=\"elementor-button-text\">Contactez un avocat francophone<\/span>\n\t\t\t\t\t<\/span>\n\t\t\t\t\t<\/a>\n\t\t\t\t<\/div>\n\t\t\t\t\t\t\t\t<\/div>\n\t\t\t\t<\/div>\n\t\t\t\t<div class=\"elementor-element elementor-element-2c4d52bc elementor-widget elementor-widget-heading\" data-id=\"2c4d52bc\" data-element_type=\"widget\" data-e-type=\"widget\" data-widget_type=\"heading.default\">\n\t\t\t\t<div class=\"elementor-widget-container\">\n\t\t\t\t\t<h2 class=\"elementor-heading-title elementor-size-default\"><b>S\u00e9curisez votre achat et evitez les pieges !<\/b><\/h2>\t\t\t\t<\/div>\n\t\t\t\t<\/div>\n\t\t\t\t\t<\/div>\n\t\t<\/div>\n\t\t\t\t\t<\/div>\n\t\t<\/section>\n\t\t\t\t<\/div>\n\t\t","protected":false},"excerpt":{"rendered":"<p>L\u2019Espagne est une destination de r\u00eave pour de nombreux retrait\u00e9s, notamment fran\u00e7ais, gr\u00e2ce \u00e0 son climat ensoleill\u00e9, son co\u00fbt de vie abordable et son ambiance d\u00e9tendue. En 2025, elle reste une option pris\u00e9e pour profiter pleinement de ses ann\u00e9es de retraite, que ce soit sur la Costa Blanca (Alicante), la Costa del Sol ou dans [&hellip;]<\/p>\n","protected":false},"author":1,"featured_media":43788,"comment_status":"closed","ping_status":"closed","sticky":false,"template":"","format":"standard","meta":{"footnotes":""},"categories":[324,319,325,320,323,321],"tags":[342,341],"class_list":["post-43787","post","type-post","status-publish","format-standard","has-post-thumbnail","hentry","category-alicante","category-barcelone","category-formalites","category-rosas","category-seville","category-valencia","tag-achat","tag-non-resident"],"yoast_head":"<!-- This site is optimized with the Yoast SEO plugin v27.2 - https:\/\/yoast.com\/product\/yoast-seo-wordpress\/ -->\n<title>Vivre en Espagne \u00e0 la retraite - ACHETER EN ESPAGNE<\/title>\n<meta name=\"robots\" content=\"index, follow, max-snippet:-1, max-image-preview:large, max-video-preview:-1\" \/>\n<link rel=\"canonical\" href=\"https:\/\/acheterenespagne.com\/immobilier\/vivre-en-espagne-a-la-retraite\/\" \/>\n<meta property=\"og:locale\" content=\"fr_FR\" \/>\n<meta property=\"og:type\" content=\"article\" \/>\n<meta property=\"og:title\" content=\"Vivre en Espagne \u00e0 la retraite - ACHETER EN ESPAGNE\" \/>\n<meta property=\"og:description\" content=\"L\u2019Espagne est une destination de r\u00eave pour de nombreux retrait\u00e9s, notamment fran\u00e7ais, gr\u00e2ce \u00e0 son climat ensoleill\u00e9, son co\u00fbt de vie abordable et son ambiance d\u00e9tendue. En 2025, elle reste une option pris\u00e9e pour profiter pleinement de ses ann\u00e9es de retraite, que ce soit sur la Costa Blanca (Alicante), la Costa del Sol ou dans [&hellip;]\" \/>\n<meta property=\"og:url\" content=\"https:\/\/acheterenespagne.com\/immobilier\/vivre-en-espagne-a-la-retraite\/\" \/>\n<meta property=\"og:site_name\" content=\"ACHETER EN ESPAGNE\" \/>\n<meta property=\"article:publisher\" content=\"https:\/\/www.facebook.com\/acheterenespagne\" \/>\n<meta property=\"article:published_time\" content=\"2025-02-20T16:08:11+00:00\" \/>\n<meta property=\"article:modified_time\" content=\"2025-02-21T09:33:19+00:00\" \/>\n<meta property=\"og:image\" content=\"https:\/\/acheterenespagne.com\/immobilier\/wp-content\/uploads\/2025\/02\/retraite-au-soleil-espagne.webp\" \/>\n\t<meta property=\"og:image:width\" content=\"1000\" \/>\n\t<meta property=\"og:image:height\" content=\"667\" \/>\n\t<meta property=\"og:image:type\" content=\"image\/webp\" \/>\n<meta name=\"author\" content=\"VIVAESPANAwp\" \/>\n<meta name=\"twitter:card\" content=\"summary_large_image\" \/>\n<meta name=\"twitter:creator\" content=\"@ACHETER_ESPAGNE\" \/>\n<meta name=\"twitter:site\" content=\"@ACHETER_ESPAGNE\" \/>\n<meta name=\"twitter:label1\" content=\"\u00c9crit par\" \/>\n\t<meta name=\"twitter:data1\" content=\"VIVAESPANAwp\" \/>\n\t<meta name=\"twitter:label2\" content=\"Dur\u00e9e de lecture estim\u00e9e\" \/>\n\t<meta name=\"twitter:data2\" content=\"7 minutes\" \/>\n<script type=\"application\/ld+json\" class=\"yoast-schema-graph\">{\"@context\":\"https:\/\/schema.org\",\"@graph\":[{\"@type\":\"Article\",\"@id\":\"https:\/\/acheterenespagne.com\/immobilier\/vivre-en-espagne-a-la-retraite\/#article\",\"isPartOf\":{\"@id\":\"https:\/\/acheterenespagne.com\/immobilier\/vivre-en-espagne-a-la-retraite\/\"},\"author\":{\"name\":\"VIVAESPANAwp\",\"@id\":\"https:\/\/acheterenespagne.com\/immobilier\/#\/schema\/person\/cdf62c6c0168ab2fd10f7dffd55ca62d\"},\"headline\":\"Vivre en Espagne \u00e0 la retraite\",\"datePublished\":\"2025-02-20T16:08:11+00:00\",\"dateModified\":\"2025-02-21T09:33:19+00:00\",\"mainEntityOfPage\":{\"@id\":\"https:\/\/acheterenespagne.com\/immobilier\/vivre-en-espagne-a-la-retraite\/\"},\"wordCount\":1365,\"publisher\":{\"@id\":\"https:\/\/acheterenespagne.com\/immobilier\/#organization\"},\"image\":{\"@id\":\"https:\/\/acheterenespagne.com\/immobilier\/vivre-en-espagne-a-la-retraite\/#primaryimage\"},\"thumbnailUrl\":\"https:\/\/acheterenespagne.com\/immobilier\/wp-content\/uploads\/2025\/02\/retraite-au-soleil-espagne.webp\",\"keywords\":[\"Achat Espagne\",\"Non-r\u00e9sident Espagne\"],\"articleSection\":[\"Alicante\",\"Barcelone\",\"Formalit\u00e9s\",\"Rosas\",\"Seville\",\"Valencia\"],\"inLanguage\":\"fr-FR\"},{\"@type\":\"WebPage\",\"@id\":\"https:\/\/acheterenespagne.com\/immobilier\/vivre-en-espagne-a-la-retraite\/\",\"url\":\"https:\/\/acheterenespagne.com\/immobilier\/vivre-en-espagne-a-la-retraite\/\",\"name\":\"Vivre en Espagne \u00e0 la retraite - ACHETER EN ESPAGNE\",\"isPartOf\":{\"@id\":\"https:\/\/acheterenespagne.com\/immobilier\/#website\"},\"primaryImageOfPage\":{\"@id\":\"https:\/\/acheterenespagne.com\/immobilier\/vivre-en-espagne-a-la-retraite\/#primaryimage\"},\"image\":{\"@id\":\"https:\/\/acheterenespagne.com\/immobilier\/vivre-en-espagne-a-la-retraite\/#primaryimage\"},\"thumbnailUrl\":\"https:\/\/acheterenespagne.com\/immobilier\/wp-content\/uploads\/2025\/02\/retraite-au-soleil-espagne.webp\",\"datePublished\":\"2025-02-20T16:08:11+00:00\",\"dateModified\":\"2025-02-21T09:33:19+00:00\",\"breadcrumb\":{\"@id\":\"https:\/\/acheterenespagne.com\/immobilier\/vivre-en-espagne-a-la-retraite\/#breadcrumb\"},\"inLanguage\":\"fr-FR\",\"potentialAction\":[{\"@type\":\"ReadAction\",\"target\":[\"https:\/\/acheterenespagne.com\/immobilier\/vivre-en-espagne-a-la-retraite\/\"]}]},{\"@type\":\"ImageObject\",\"inLanguage\":\"fr-FR\",\"@id\":\"https:\/\/acheterenespagne.com\/immobilier\/vivre-en-espagne-a-la-retraite\/#primaryimage\",\"url\":\"https:\/\/acheterenespagne.com\/immobilier\/wp-content\/uploads\/2025\/02\/retraite-au-soleil-espagne.webp\",\"contentUrl\":\"https:\/\/acheterenespagne.com\/immobilier\/wp-content\/uploads\/2025\/02\/retraite-au-soleil-espagne.webp\",\"width\":1000,\"height\":667,\"caption\":\"Retraite au soleil en Espagne\"},{\"@type\":\"BreadcrumbList\",\"@id\":\"https:\/\/acheterenespagne.com\/immobilier\/vivre-en-espagne-a-la-retraite\/#breadcrumb\",\"itemListElement\":[{\"@type\":\"ListItem\",\"position\":1,\"name\":\"Accueil\",\"item\":\"https:\/\/acheterenespagne.com\/immobilier\/\"},{\"@type\":\"ListItem\",\"position\":2,\"name\":\"Formalit\u00e9s\",\"item\":\"https:\/\/acheterenespagne.com\/immobilier\/category\/formalites\/\"},{\"@type\":\"ListItem\",\"position\":3,\"name\":\"Vivre en Espagne \u00e0 la retraite\"}]},{\"@type\":\"WebSite\",\"@id\":\"https:\/\/acheterenespagne.com\/immobilier\/#website\",\"url\":\"https:\/\/acheterenespagne.com\/immobilier\/\",\"name\":\"ACHETER EN ESPAGNE\",\"description\":\"\",\"publisher\":{\"@id\":\"https:\/\/acheterenespagne.com\/immobilier\/#organization\"},\"potentialAction\":[{\"@type\":\"SearchAction\",\"target\":{\"@type\":\"EntryPoint\",\"urlTemplate\":\"https:\/\/acheterenespagne.com\/immobilier\/?s={search_term_string}\"},\"query-input\":{\"@type\":\"PropertyValueSpecification\",\"valueRequired\":true,\"valueName\":\"search_term_string\"}}],\"inLanguage\":\"fr-FR\"},{\"@type\":\"Organization\",\"@id\":\"https:\/\/acheterenespagne.com\/immobilier\/#organization\",\"name\":\"Acheter en Espagne\",\"url\":\"https:\/\/acheterenespagne.com\/immobilier\/\",\"logo\":{\"@type\":\"ImageObject\",\"inLanguage\":\"fr-FR\",\"@id\":\"https:\/\/acheterenespagne.com\/immobilier\/#\/schema\/logo\/image\/\",\"url\":\"https:\/\/acheterenespagne.com\/immobilier\/wp-content\/uploads\/2022\/06\/logo.webp\",\"contentUrl\":\"https:\/\/acheterenespagne.com\/immobilier\/wp-content\/uploads\/2022\/06\/logo.webp\",\"width\":789,\"height\":302,\"caption\":\"Acheter en Espagne\"},\"image\":{\"@id\":\"https:\/\/acheterenespagne.com\/immobilier\/#\/schema\/logo\/image\/\"},\"sameAs\":[\"https:\/\/www.facebook.com\/acheterenespagne\",\"https:\/\/x.com\/ACHETER_ESPAGNE\"]},{\"@type\":\"Person\",\"@id\":\"https:\/\/acheterenespagne.com\/immobilier\/#\/schema\/person\/cdf62c6c0168ab2fd10f7dffd55ca62d\",\"name\":\"VIVAESPANAwp\",\"url\":\"https:\/\/acheterenespagne.com\/immobilier\/author\/vivaespanawp\/\"}]}<\/script>\n<!-- \/ Yoast SEO plugin. -->","yoast_head_json":{"title":"Vivre en Espagne \u00e0 la retraite - ACHETER EN ESPAGNE","robots":{"index":"index","follow":"follow","max-snippet":"max-snippet:-1","max-image-preview":"max-image-preview:large","max-video-preview":"max-video-preview:-1"},"canonical":"https:\/\/acheterenespagne.com\/immobilier\/vivre-en-espagne-a-la-retraite\/","og_locale":"fr_FR","og_type":"article","og_title":"Vivre en Espagne \u00e0 la retraite - ACHETER EN ESPAGNE","og_description":"L\u2019Espagne est une destination de r\u00eave pour de nombreux retrait\u00e9s, notamment fran\u00e7ais, gr\u00e2ce \u00e0 son climat ensoleill\u00e9, son co\u00fbt de vie abordable et son ambiance d\u00e9tendue. En 2025, elle reste une option pris\u00e9e pour profiter pleinement de ses ann\u00e9es de retraite, que ce soit sur la Costa Blanca (Alicante), la Costa del Sol ou dans [&hellip;]","og_url":"https:\/\/acheterenespagne.com\/immobilier\/vivre-en-espagne-a-la-retraite\/","og_site_name":"ACHETER EN ESPAGNE","article_publisher":"https:\/\/www.facebook.com\/acheterenespagne","article_published_time":"2025-02-20T16:08:11+00:00","article_modified_time":"2025-02-21T09:33:19+00:00","og_image":[{"width":1000,"height":667,"url":"https:\/\/acheterenespagne.com\/immobilier\/wp-content\/uploads\/2025\/02\/retraite-au-soleil-espagne.webp","type":"image\/webp"}],"author":"VIVAESPANAwp","twitter_card":"summary_large_image","twitter_creator":"@ACHETER_ESPAGNE","twitter_site":"@ACHETER_ESPAGNE","twitter_misc":{"\u00c9crit par":"VIVAESPANAwp","Dur\u00e9e de lecture estim\u00e9e":"7 minutes"},"schema":{"@context":"https:\/\/schema.org","@graph":[{"@type":"Article","@id":"https:\/\/acheterenespagne.com\/immobilier\/vivre-en-espagne-a-la-retraite\/#article","isPartOf":{"@id":"https:\/\/acheterenespagne.com\/immobilier\/vivre-en-espagne-a-la-retraite\/"},"author":{"name":"VIVAESPANAwp","@id":"https:\/\/acheterenespagne.com\/immobilier\/#\/schema\/person\/cdf62c6c0168ab2fd10f7dffd55ca62d"},"headline":"Vivre en Espagne \u00e0 la retraite","datePublished":"2025-02-20T16:08:11+00:00","dateModified":"2025-02-21T09:33:19+00:00","mainEntityOfPage":{"@id":"https:\/\/acheterenespagne.com\/immobilier\/vivre-en-espagne-a-la-retraite\/"},"wordCount":1365,"publisher":{"@id":"https:\/\/acheterenespagne.com\/immobilier\/#organization"},"image":{"@id":"https:\/\/acheterenespagne.com\/immobilier\/vivre-en-espagne-a-la-retraite\/#primaryimage"},"thumbnailUrl":"https:\/\/acheterenespagne.com\/immobilier\/wp-content\/uploads\/2025\/02\/retraite-au-soleil-espagne.webp","keywords":["Achat Espagne","Non-r\u00e9sident Espagne"],"articleSection":["Alicante","Barcelone","Formalit\u00e9s","Rosas","Seville","Valencia"],"inLanguage":"fr-FR"},{"@type":"WebPage","@id":"https:\/\/acheterenespagne.com\/immobilier\/vivre-en-espagne-a-la-retraite\/","url":"https:\/\/acheterenespagne.com\/immobilier\/vivre-en-espagne-a-la-retraite\/","name":"Vivre en Espagne \u00e0 la retraite - ACHETER EN ESPAGNE","isPartOf":{"@id":"https:\/\/acheterenespagne.com\/immobilier\/#website"},"primaryImageOfPage":{"@id":"https:\/\/acheterenespagne.com\/immobilier\/vivre-en-espagne-a-la-retraite\/#primaryimage"},"image":{"@id":"https:\/\/acheterenespagne.com\/immobilier\/vivre-en-espagne-a-la-retraite\/#primaryimage"},"thumbnailUrl":"https:\/\/acheterenespagne.com\/immobilier\/wp-content\/uploads\/2025\/02\/retraite-au-soleil-espagne.webp","datePublished":"2025-02-20T16:08:11+00:00","dateModified":"2025-02-21T09:33:19+00:00","breadcrumb":{"@id":"https:\/\/acheterenespagne.com\/immobilier\/vivre-en-espagne-a-la-retraite\/#breadcrumb"},"inLanguage":"fr-FR","potentialAction":[{"@type":"ReadAction","target":["https:\/\/acheterenespagne.com\/immobilier\/vivre-en-espagne-a-la-retraite\/"]}]},{"@type":"ImageObject","inLanguage":"fr-FR","@id":"https:\/\/acheterenespagne.com\/immobilier\/vivre-en-espagne-a-la-retraite\/#primaryimage","url":"https:\/\/acheterenespagne.com\/immobilier\/wp-content\/uploads\/2025\/02\/retraite-au-soleil-espagne.webp","contentUrl":"https:\/\/acheterenespagne.com\/immobilier\/wp-content\/uploads\/2025\/02\/retraite-au-soleil-espagne.webp","width":1000,"height":667,"caption":"Retraite au soleil en Espagne"},{"@type":"BreadcrumbList","@id":"https:\/\/acheterenespagne.com\/immobilier\/vivre-en-espagne-a-la-retraite\/#breadcrumb","itemListElement":[{"@type":"ListItem","position":1,"name":"Accueil","item":"https:\/\/acheterenespagne.com\/immobilier\/"},{"@type":"ListItem","position":2,"name":"Formalit\u00e9s","item":"https:\/\/acheterenespagne.com\/immobilier\/category\/formalites\/"},{"@type":"ListItem","position":3,"name":"Vivre en Espagne \u00e0 la retraite"}]},{"@type":"WebSite","@id":"https:\/\/acheterenespagne.com\/immobilier\/#website","url":"https:\/\/acheterenespagne.com\/immobilier\/","name":"ACHETER EN ESPAGNE","description":"","publisher":{"@id":"https:\/\/acheterenespagne.com\/immobilier\/#organization"},"potentialAction":[{"@type":"SearchAction","target":{"@type":"EntryPoint","urlTemplate":"https:\/\/acheterenespagne.com\/immobilier\/?s={search_term_string}"},"query-input":{"@type":"PropertyValueSpecification","valueRequired":true,"valueName":"search_term_string"}}],"inLanguage":"fr-FR"},{"@type":"Organization","@id":"https:\/\/acheterenespagne.com\/immobilier\/#organization","name":"Acheter en Espagne","url":"https:\/\/acheterenespagne.com\/immobilier\/","logo":{"@type":"ImageObject","inLanguage":"fr-FR","@id":"https:\/\/acheterenespagne.com\/immobilier\/#\/schema\/logo\/image\/","url":"https:\/\/acheterenespagne.com\/immobilier\/wp-content\/uploads\/2022\/06\/logo.webp","contentUrl":"https:\/\/acheterenespagne.com\/immobilier\/wp-content\/uploads\/2022\/06\/logo.webp","width":789,"height":302,"caption":"Acheter en Espagne"},"image":{"@id":"https:\/\/acheterenespagne.com\/immobilier\/#\/schema\/logo\/image\/"},"sameAs":["https:\/\/www.facebook.com\/acheterenespagne","https:\/\/x.com\/ACHETER_ESPAGNE"]},{"@type":"Person","@id":"https:\/\/acheterenespagne.com\/immobilier\/#\/schema\/person\/cdf62c6c0168ab2fd10f7dffd55ca62d","name":"VIVAESPANAwp","url":"https:\/\/acheterenespagne.com\/immobilier\/author\/vivaespanawp\/"}]}},"_links":{"self":[{"href":"https:\/\/acheterenespagne.com\/immobilier\/wp-json\/wp\/v2\/posts\/43787","targetHints":{"allow":["GET"]}}],"collection":[{"href":"https:\/\/acheterenespagne.com\/immobilier\/wp-json\/wp\/v2\/posts"}],"about":[{"href":"https:\/\/acheterenespagne.com\/immobilier\/wp-json\/wp\/v2\/types\/post"}],"author":[{"embeddable":true,"href":"https:\/\/acheterenespagne.com\/immobilier\/wp-json\/wp\/v2\/users\/1"}],"replies":[{"embeddable":true,"href":"https:\/\/acheterenespagne.com\/immobilier\/wp-json\/wp\/v2\/comments?post=43787"}],"version-history":[{"count":10,"href":"https:\/\/acheterenespagne.com\/immobilier\/wp-json\/wp\/v2\/posts\/43787\/revisions"}],"predecessor-version":[{"id":43824,"href":"https:\/\/acheterenespagne.com\/immobilier\/wp-json\/wp\/v2\/posts\/43787\/revisions\/43824"}],"wp:featuredmedia":[{"embeddable":true,"href":"https:\/\/acheterenespagne.com\/immobilier\/wp-json\/wp\/v2\/media\/43788"}],"wp:attachment":[{"href":"https:\/\/acheterenespagne.com\/immobilier\/wp-json\/wp\/v2\/media?parent=43787"}],"wp:term":[{"taxonomy":"category","embeddable":true,"href":"https:\/\/acheterenespagne.com\/immobilier\/wp-json\/wp\/v2\/categories?post=43787"},{"taxonomy":"post_tag","embeddable":true,"href":"https:\/\/acheterenespagne.com\/immobilier\/wp-json\/wp\/v2\/tags?post=43787"}],"curies":[{"name":"wp","href":"https:\/\/api.w.org\/{rel}","templated":true}]}}